{"id":1238,"date":"2012-07-29T18:00:54","date_gmt":"2012-07-29T18:00:54","guid":{"rendered":"http:\/\/granadablogs.com\/cableados\/?p=1238"},"modified":"2012-07-29T18:01:48","modified_gmt":"2012-07-29T18:01:48","slug":"el-verano-es-saltar","status":"publish","type":"post","link":"https:\/\/granadablogs.com\/cableados\/2012\/07\/29\/el-verano-es-saltar\/","title":{"rendered":"El verano es saltar"},"content":{"rendered":"<p><a href=\"http:\/\/www.flickr.com\/photos\/11072936@N06\/7669476166\/\" title=\"Ferm\u00edn Rodr\u00edguez, Ferminius por juanlarzabal, en Flickr\"><img loading=\"lazy\" decoding=\"async\" src=\"http:\/\/farm8.staticflickr.com\/7139\/7669476166_1dd226069f.jpg\" width=\"500\" height=\"488\" alt=\"Ferm\u00edn Rodr\u00edguez, Ferminius\"><\/a><\/p>\n<p>Salta. M\u00e1s alto. M\u00e1s lejos. Salta m\u00e1s fuerte. Citius, Altius, Fortius, <a href=\"http:\/\/es.wikipedia.org\/wiki\/Citius_altius_fortius\" target=\"_blank\">el lema ol\u00edmpico<\/a>, es tambi\u00e9n lo que necesitamos. Se puede llorar de dolor y de alegr\u00eda. Se puede gritar por dolor o por un el placer de un orgasmo. S\u00f3lo se salta por alegr\u00eda. Como hace <a href=\"http:\/\/www.twitter.com\/ferminius\" target=\"_blank\">@Ferminius<\/a>, en una foto preciosa (con secreto incluido) que tom\u00f3 el compay Alfredo Aguilar en el Patio de los Leones de la Alhambra.<\/p>\n<p>Es un consejo, es una recomendaci\u00f3n, es bueno, es dejar de tener los pies en la tierra durante un microsegundo para ver las cosas desde afuera, en perspectiva, en las nubes.<\/p>\n<p>Saltar es de j\u00f3venes y es un s\u00edntoma no solo de alegr\u00eda sino de libertad. Justo la que a todos nos toca ahora defender.<\/p>\n<p>Salta\/Salta conmigo\/Digo Salta.<br \/>\nY cu\u00e9ntame tus saltos favoritos<\/p>\n<p><iframe loading=\"lazy\" width=\"500\" height=\"350\" src=\"http:\/\/www.youtube.com\/embed\/8HnFY4vYVPY\" frameborder=\"0\" allowfullscreen><\/iframe><\/p>\n<p>&#8212;&#8212;&#8212;&#8212;&#8212;&#8212;-<br \/>\n.-El proyecto \u2018Un verano, 50 posts\u2019 se publicar\u00e1 en este blog del diario Ideal, Cableados<br \/>\n.-La etiqueta propuesta en Twitter es #50posts<\/p>\n<p>El verano es la met\u00e1fora de la vida.<\/p>\n<p>Ay\u00fadame a recoger en 50 posts, uno al d\u00eda, que son los que me quedan para pillarme mis vacaciones, medio centenar de ideas, de aromas, de sensaciones, de libros, de tebeos, de canciones, de novelas, de pel\u00edculas, de resta urantes, de ciudades, de personajes que sirvan, entre todos, para documentar un verano pluscuamperfecto.<\/p>\n<p>.-N\u00ba1: <a href=\"http:\/\/granadablogs.com\/cableados\/2012\/06\/29\/un-verano-en-50-posts-el-verano-son-besos\/\" target=\"_blank\">El verano son besos<\/a><br \/>\nEmpezamos con un beso.<br \/>\nPero qu\u00e9 beso. M\u00e1ndame tu beso favorito en forma de canci\u00f3n, frase, foto o v\u00eddeo y te lo publico.<\/p>\n<p>.-N\u00ba2: <a href=\"http:\/\/granadablogs.com\/cableados\/2012\/06\/30\/un-verano-en-50-posts-el-verano-es-sal-y-azucar\/\" target=\"_blank\">El verano es sal y az\u00facar<\/a><\/p>\n<p>.-N\u00ba3: <a href=\"http:\/\/granadablogs.com\/cableados\/2012\/07\/01\/el-verano-es-aquel-concierto-de-tu-vida\/\" target=\"_blank\">El verano es aquel concierto de tu vida<\/a><\/p>\n<p>.-N\u00ba4: <a href=\"http:\/\/granadablogs.com\/cableados\/2012\/07\/02\/el-verano-es-despertarse-tarde\/\" target=\"_blank\">El verano es depertarse tarde<\/a><\/p>\n<p>.-N\u00ba5: <a href=\"http:\/\/granadablogs.com\/cableados\/2012\/07\/03\/el-verano-es-un-novelon\/\" target=\"_blank\">El verano es un novel\u00f3n<\/a><\/p>\n<p>.-N\u00ba6: <a href=\"http:\/\/granadablogs.com\/cableados\/2012\/07\/04\/el-verano-es-elegir-un-superpoder\/\" target=\"_blank\">El verano es un superpoder<\/a><\/p>\n<p>.-N\u00ba7: <a href=\"http:\/\/granadablogs.com\/cableados\/2012\/07\/05\/el-verano-es-un-lugar-imposible\/\" target=\"_blank\">El verano es un lugar imposible<\/a><\/p>\n<p>.-N\u00ba8: <a href=\"http:\/\/granadablogs.com\/cableados\/2012\/07\/06\/el-verano-es-un-frigopie\/\" target=\"_blank\">El verano es un Frigopi\u00e9<\/a><\/p>\n<p>.-N\u00ba9: <a href=\"http:\/\/granadablogs.com\/cableados\/2012\/07\/08\/el-verano-es-piel\/\" target=\"_blank\">El verano es piel<\/a><\/p>\n<p>.-N\u00ba10: <a href=\"http:\/\/granadablogs.com\/cableados\/2012\/07\/09\/el-verano-es-misterio\/\" target=\"_blank\">El verano es un misterio<\/a><\/p>\n<p>.-N\u00ba11: <a href=\"http:\/\/granadablogs.com\/cableados\/2012\/07\/10\/el-verano-es-jedi\/\" target=\"_blank\">El verano es Jedi<\/a><\/p>\n<p>.-N\u00ba12: <a href=\"http:\/\/granadablogs.com\/cableados\/2012\/07\/11\/el-verano-es-el-oceano-mar\/\" target=\"_blank\">El verano es Oc\u00e9ano Mar<\/a><\/p>\n<p>.-N\u00ba13: <a href=\"http:\/\/granadablogs.com\/cableados\/2012\/07\/13\/el-verano-es-sexi\/\" target=\"_blank\">El verano es sexi<\/a><\/p>\n<p>.-N\u00ba14: <a href=\"http:\/\/granadablogs.com\/cableados\/2012\/07\/14\/el-verano-es-chocolate\/\" target=\"_blank\">El verano es chocolate<\/a><\/p>\n<p>.-N\u00ba15: <a href=\"http:\/\/granadablogs.com\/cableados\/2012\/07\/15\/el-verano-es-una-sonrisa\/\" target=\"_blank\">El verano es una sonrisa<\/a><\/p>\n<p>.-N\u00ba16: <a href=\"http:\/\/granadablogs.com\/cableados\/2012\/07\/16\/el-verano-es-makoki\/\" target=\"_blank\">El verano es Makoki<\/a><\/p>\n<p>.-N\u00ba17: <a href=\"http:\/\/granadablogs.com\/cableados\/2012\/07\/17\/el-verano-es-bailar-bajo-la-luna\/\" target=\"_blank\">El verano es bailar bajo la luna<\/a><\/p>\n<p>.-N\u00ba18: <a href=\"http:\/\/granadablogs.com\/cableados\/2012\/07\/18\/el-verano-es-san-sebastian\/\" target=\"_blank\">El verano es San Sebasti\u00e1n<\/a><\/p>\n<p>.-N\u00ba19: <a href=\"http:\/\/granadablogs.com\/cableados\/2012\/07\/19\/el-verano-es-la-chica-de-ayer\/\" target=\"_blank\">El verano es la chica de ayer<\/a><\/p>\n<p>.-N\u00ba20: <a href=\"http:\/\/granadablogs.com\/cableados\/2012\/07\/20\/el-verano-es-etnosur\/\" target=\"_blank\">El verano es Etnosur<\/a><\/p>\n<p>.-N\u00ba21: <a href=\"http:\/\/granadablogs.com\/cableados\/2012\/07\/21\/el-verano-es-poesia\/\" target=\"_blank\">El verano es poes\u00eda<\/a><\/p>\n<p>.-N\u00ba 22: <a href=\"http:\/\/granadablogs.com\/cableados\/2012\/07\/22\/el-verano-es-batman\/\" target=\"_blank\">El verano es Batman<\/a><\/p>\n<p>.-N\u00ba 23: <a href=\"http:\/\/granadablogs.com\/cableados\/2012\/07\/23\/el-verano-es-nada\/\" target=\"_blank\">El verano es Nada<\/a><\/p>\n<p>.-N\u00ba24: <a href=\"http:\/\/granadablogs.com\/cableados\/2012\/07\/24\/el-verano-es-un-cuaderno-rubio\/\" target=\"_blank\">El verano es un Cuaderno Rubio<\/a><\/p>\n<p>.-N\u00ba 25: <a href=\"http:\/\/granadablogs.com\/cableados\/2012\/07\/25\/el-verano-es-una-tormenta\/\" target=\"_blank\">El verano es una tormenta<\/a><\/p>\n<p>.-N\u00ba 26: <a href=\"http:\/\/granadablogs.com\/cableados\/2012\/07\/26\/el-verano-es-sorprenderse\/\" target=\"_blank\">El verano es sorprenderse<\/a><\/p>\n<p>.-N\u00ba 27: <a href=\"http:\/\/granadablogs.com\/cableados\/2012\/07\/27\/el-verano-es-el-bar-de-joe\/\" target=\"_blank\">El verano es el bar de Joe<\/a><\/p>\n<p>.-N\u00ba 28: <a href=\"http:\/\/granadablogs.com\/cableados\/2012\/07\/28\/el-verano-es-el-candela\/\" target=\"_blank\">El verano es el Candela<\/a><\/p>\n","protected":false},"excerpt":{"rendered":"<p>Salta. M\u00e1s alto. M\u00e1s lejos. Salta m\u00e1s fuerte. Citius, Altius, Fortius, el lema ol\u00edmpico, es tambi\u00e9n lo que necesitamos. Se puede llorar de dolor y de alegr\u00eda. Se puede gritar por dolor o por un el placer de un orgasmo. S\u00f3lo se salta por alegr\u00eda. Como hace @Ferminius, en una foto preciosa (con secreto incluido) [&hellip;]<\/p>\n","protected":false},"author":73,"featured_media":0,"comment_status":"open","ping_status":"open","sticky":false,"template":"","format":"standard","meta":{"footnotes":""},"categories":[13265],"tags":[],"class_list":["post-1238","post","type-post","status-publish","format-standard","hentry","category-50-posts"],"_links":{"self":[{"href":"https:\/\/granadablogs.com\/cableados\/wp-json\/wp\/v2\/posts\/1238","targetHints":{"allow":["GET"]}}],"collection":[{"href":"https:\/\/granadablogs.com\/cableados\/wp-json\/wp\/v2\/posts"}],"about":[{"href":"https:\/\/granadablogs.com\/cableados\/wp-json\/wp\/v2\/types\/post"}],"author":[{"embeddable":true,"href":"https:\/\/granadablogs.com\/cableados\/wp-json\/wp\/v2\/users\/73"}],"replies":[{"embeddable":true,"href":"https:\/\/granadablogs.com\/cableados\/wp-json\/wp\/v2\/comments?post=1238"}],"version-history":[{"count":4,"href":"https:\/\/granadablogs.com\/cableados\/wp-json\/wp\/v2\/posts\/1238\/revisions"}],"predecessor-version":[{"id":1242,"href":"https:\/\/granadablogs.com\/cableados\/wp-json\/wp\/v2\/posts\/1238\/revisions\/1242"}],"wp:attachment":[{"href":"https:\/\/granadablogs.com\/cableados\/wp-json\/wp\/v2\/media?parent=1238"}],"wp:term":[{"taxonomy":"category","embeddable":true,"href":"https:\/\/granadablogs.com\/cableados\/wp-json\/wp\/v2\/categories?post=1238"},{"taxonomy":"post_tag","embeddable":true,"href":"https:\/\/granadablogs.com\/cableados\/wp-json\/wp\/v2\/tags?post=1238"}],"curies":[{"name":"wp","href":"https:\/\/api.w.org\/{rel}","templated":true}]}}