{"id":2338,"date":"2013-08-02T10:13:47","date_gmt":"2013-08-02T10:13:47","guid":{"rendered":"http:\/\/granadablogs.com\/cableados\/?p=2338"},"modified":"2013-08-02T10:13:47","modified_gmt":"2013-08-02T10:13:47","slug":"taxis-por-el-albaicin-dos-anos-de-vaivenes-camaras-pilonas-y-multas","status":"publish","type":"post","link":"https:\/\/granadablogs.com\/cableados\/2013\/08\/02\/taxis-por-el-albaicin-dos-anos-de-vaivenes-camaras-pilonas-y-multas\/","title":{"rendered":"Taxis por el Albaic\u00edn: Dos a\u00f1os de vaivenes, c\u00e1maras, pilonas y multas"},"content":{"rendered":"<p style=\"text-align: center;\"><a href=\"http:\/\/granadablogs.com\/cableados\/files\/2013\/08\/taxi.jpg\"><img loading=\"lazy\" decoding=\"async\" class=\"size-large wp-image-2339 aligncenter\" alt=\"DOCU_IDEAL\" src=\"http:\/\/granadablogs.com\/cableados\/files\/2013\/08\/taxi-1024x440.jpg\" width=\"500\" height=\"220\" \/><\/a><\/p>\n<p>Ser taxista en Granada no parece a primera vista una profesi\u00f3n sencilla. Las cambiantes medidas de peatonalizaci\u00f3n de la Carrera del Darro y del Paseo de los Tristes les afectan directamente y, seg\u00fan critican, \u00abson a peor\u00bb. Este es un resumen de las medidas que han afectado a los taxis desde que comenz\u00f3 el proceso de peatonalizaci\u00f3n, en marzo del a\u00f1o pasado.<br \/>\nLa situaci\u00f3n original antes del d\u00eda 6 de marzo de 2012, cuando entra en vigor la peatonalizaci\u00f3n, es que los taxis tienen el paso libre por la Carrera del Darro y el Paseo de los Tristes. A la entrada del primer paseo hay unas pilonas, que los taxis franquean sin problemas porque tienen una tarjeta. A partir del d\u00eda 6 de marzo de 2012 se complica todo, critican.<br \/>\nPara empezar ya no pueden transitar por los paseos anteriores y tienen que hacerlo por San Juan de los Reyes, calle que cambia el sentido de la circulaci\u00f3n. Se sustituyen las pilonas por c\u00e1maras de videovigilancia. La excepci\u00f3n es que los taxis s\u00ed pasan por la Carrera del Darro, \u00absi vamos a dejar a un vecino o a un establecimiento hotelero, o si hay llamada previa. En aquel momento, el sistema era muy complicado, porque al pasar con el taxi la c\u00e1mara te multaba. Entonces hab\u00eda que darle una factura al cliente, quien la entregaba en recepci\u00f3n y se tramitaba as\u00ed para que nos quitaran la multa\u00bb.<br \/>\nEste sistema fallaba. Se cambi\u00f3 por un sistema inform\u00e1tico con claves, y las teleoperadoras de Radio Taxi met\u00edan las claves en el sistema de gesti\u00f3n de c\u00e1maras, pero no estaban dados de alta todos los taxis y tambi\u00e9n llegaban las multas. El \u00faltimo sistema es el de las c\u00e1maras que leen las matr\u00edculas. \u00abEl caso es que el anterior presidente de la Gremial del Taxi, cada semana, ten\u00eda que ir a que nos quitaran las multas en persona, que hab\u00eda un foll\u00f3n de ellas\u00bb, denuncian.<br \/>\nEl 11 de abril de 2013 todo volvi\u00f3 a cambiar. El Ayuntamiento autoriz\u00f3 el paso libre a los taxis. Los profesionales, reaccionaron encantados ante esta nueva medida. Sin embargo, todo ha vuelto a cambiar con la vuelta de los autobuses de la Rober, dos l\u00edneas, por la Carrera del Darro y los Tristes, anunciada esta misma semana. Ahora, los taxis tienen de nuevo limitado el tr\u00e1nsito y se encuentran negociando el horario de las restricciones para que no les haga mella en su negocio.<\/p>\n<p>&nbsp;<\/p>\n","protected":false},"excerpt":{"rendered":"<p>Ser taxista en Granada no parece a primera vista una profesi\u00f3n sencilla. Las cambiantes medidas de peatonalizaci\u00f3n de la Carrera del Darro y del Paseo de los Tristes les afectan directamente y, seg\u00fan critican, \u00abson a peor\u00bb. Este es un resumen de las medidas que han afectado a los taxis desde que comenz\u00f3 el proceso [&hellip;]<\/p>\n","protected":false},"author":73,"featured_media":0,"comment_status":"open","ping_status":"open","sticky":false,"template":"","format":"standard","meta":{"footnotes":""},"categories":[13259],"tags":[63788,35613,12114,63784,12117,2825,1452],"class_list":["post-2338","post","type-post","status-publish","format-standard","hentry","category-barrios-de-granada","tag-albaicin","tag-bajo-albaicin","tag-carrera-del-darro","tag-granada","tag-paseo-de-los-tristes","tag-taxis","tag-transporte"],"_links":{"self":[{"href":"https:\/\/granadablogs.com\/cableados\/wp-json\/wp\/v2\/posts\/2338","targetHints":{"allow":["GET"]}}],"collection":[{"href":"https:\/\/granadablogs.com\/cableados\/wp-json\/wp\/v2\/posts"}],"about":[{"href":"https:\/\/granadablogs.com\/cableados\/wp-json\/wp\/v2\/types\/post"}],"author":[{"embeddable":true,"href":"https:\/\/granadablogs.com\/cableados\/wp-json\/wp\/v2\/users\/73"}],"replies":[{"embeddable":true,"href":"https:\/\/granadablogs.com\/cableados\/wp-json\/wp\/v2\/comments?post=2338"}],"version-history":[{"count":1,"href":"https:\/\/granadablogs.com\/cableados\/wp-json\/wp\/v2\/posts\/2338\/revisions"}],"predecessor-version":[{"id":2340,"href":"https:\/\/granadablogs.com\/cableados\/wp-json\/wp\/v2\/posts\/2338\/revisions\/2340"}],"wp:attachment":[{"href":"https:\/\/granadablogs.com\/cableados\/wp-json\/wp\/v2\/media?parent=2338"}],"wp:term":[{"taxonomy":"category","embeddable":true,"href":"https:\/\/granadablogs.com\/cableados\/wp-json\/wp\/v2\/categories?post=2338"},{"taxonomy":"post_tag","embeddable":true,"href":"https:\/\/granadablogs.com\/cableados\/wp-json\/wp\/v2\/tags?post=2338"}],"curies":[{"name":"wp","href":"https:\/\/api.w.org\/{rel}","templated":true}]}}