{"id":6664,"date":"2016-05-05T19:02:39","date_gmt":"2016-05-05T19:02:39","guid":{"rendered":"http:\/\/granadablogs.com\/cableados\/?p=6664"},"modified":"2016-05-05T19:28:10","modified_gmt":"2016-05-05T19:28:10","slug":"paco-cuenca-yo-me-presento-para-ser-alcalde","status":"publish","type":"post","link":"https:\/\/granadablogs.com\/cableados\/2016\/05\/05\/paco-cuenca-yo-me-presento-para-ser-alcalde\/","title":{"rendered":"Paco Cuenca: \u00abYo me presento para ser alcalde de Granada\u00bb"},"content":{"rendered":"<p><a href=\"http:\/\/granadablogs.com\/cableados\/2016\/05\/05\/paco-cuenca-yo-me-presento-para-ser-alcalde\/con-paco-cuencaok\/\" rel=\"attachment wp-att-6665\"><img loading=\"lazy\" decoding=\"async\" class=\"aligncenter size-large wp-image-6665\" src=\"http:\/\/granadablogs.com\/cableados\/files\/2016\/05\/Con-Paco-CuencaOK-973x1024.jpg\" alt=\"Con Paco CuencaOK\" width=\"640\" height=\"674\" srcset=\"https:\/\/granadablogs.com\/cableados\/files\/2016\/05\/Con-Paco-CuencaOK-973x1024.jpg 973w, https:\/\/granadablogs.com\/cableados\/files\/2016\/05\/Con-Paco-CuencaOK-285x300.jpg 285w, https:\/\/granadablogs.com\/cableados\/files\/2016\/05\/Con-Paco-CuencaOK-768x808.jpg 768w, https:\/\/granadablogs.com\/cableados\/files\/2016\/05\/Con-Paco-CuencaOK.jpg 1830w\" sizes=\"auto, (max-width: 640px) 100vw, 640px\" \/><\/a><\/p>\n<p>Mayo de 2010.<br \/>\nPaco Cuenca, que es<a href=\"http:\/\/www.ideal.es\/granada\/201605\/05\/granada-elige-nuevo-alcalde-20160504004351.html\" target=\"_blank\"> desde hoy el nuevo alcalde de Granada<\/a>, celebra el ascenso a Segunda Divisi\u00f3n A del Granada CF en la Redacci\u00f3n de IDEAL. El peri\u00f3dico reuni\u00f3 aquella tarde a las viejas glorias del equipo y a notables de la ciudad y vimos el partido todos juntos. Nervios, sufrimiento, compa\u00f1erismo y, al final, la victoria.<\/p>\n<p>Es exactamente lo que le ha pasado a Paco Cuenca desde que se present\u00f3 como cabeza de la lista socialista por Granada para tratar de recuperar la Plaza del Carmen, donde el popular Torres Hurtado ganaba, ganaba y no dejaba de ganar.<\/p>\n<p>Tras el fracaso de Moratalla, que gan\u00f3 la alcald\u00eda cuando tocaba perderla y la perdi\u00f3 cuando tocaba ganarla (en frase suya), y tras el fracaso de Torres Vela (que parec\u00eda m\u00e1s bien el candidato del stablishment y Torres Hurtado el del pueblo), el PSOE se sac\u00f3 de la manga a un cuarenta\u00f1ero que ven\u00eda de ser delegado de Obras P\u00fablicas y tambi\u00e9n de Innovaci\u00f3n de la Junta en Granada, titulado universitario, guapo, atractivo, al menos, muy presentable, chanero de La Chana y Ol\u00e9 y m\u00e1s de Gran\u00e1 quelarcodelvira.<\/p>\n<p>Todo el mundo dec\u00eda entonces que \u00able ponen para que pierda y se quede\u00bb en la oposici\u00f3n. Y ah\u00ed se ha quedado, aguantando las mayor\u00edas absolut\u00edsimas del Partido Popular de Sebasti\u00e1n P\u00e9rez y de Jos\u00e9 Torres Hurtado hasta que, de repente, en un chifl\u00edo, al chiringuito se le han ca\u00eddo hasta los palos del sombrajo y la vara de mando de alcalde se ha posado, levemente como el ala del leve abanico, sobre su mano acostumbrada a perder y que sabe que ahora toca ganar.<\/p>\n<p>\u00abJavi, de veras, yo me presento para ser alcalde de Granada\u00bb, me confi\u00f3 en la campa\u00f1a electoral de mayo de 2011, con unas ca\u00f1as ambos en las manos, en el Cunini. Me hab\u00eda citado para charlar, para hablar, para escucharme. Me sorprendi\u00f3, en efecto. Pero fue un rato agradable donde tuve la fortuna de conocer a la persona que hay detr\u00e1s del candidato y pol\u00edtico Paco Cuenca. Esto, para un periodista, es oro molido.<\/p>\n<p>Han pasado cinco a\u00f1os en los que nos hemos visto pr\u00e1cticamente a diario en las galeras de la Plaza del Carmen, donde la oposici\u00f3n trabajaba frente a la maquinaria del Partido Popular en unos despachos destartalados, como viejas mesas y sillas de oficina, sin apenas cobertura y con una conexi\u00f3n a internet que ni en Corea del Norte. Siempre estaba por ah\u00ed tambi\u00e9n Carlos Mor\u00e1n y muchos otros compa\u00f1eros de los medios.<\/p>\n<p>La verdad, es que ahora que va a cambiar todo, voy a echar de menos esos despachos donde nos pas\u00f3 de todo. De todo. Era un ecosistema en s\u00ed mismo.<\/p>\n<p>Ahora, me imagino que Paco Cuenca, ma\u00f1ana viernes, en su primer d\u00eda de mandato como alcalde de Granada tras la sesi\u00f3n de investidura de hoy, se levantar\u00e1 como acostumbra para llevar a sus hijos al cole y despu\u00e9s pedalear\u00e1 Reyes Cat\u00f3licos arriba y candar\u00e1 la bici en la Plaza del Carmen. Ser\u00eda algo m\u00e1s que un signo o una reivindicaci\u00f3n.<\/p>\n<p>Tambi\u00e9n me gustar\u00eda que volviera al Papupa, donde celebramos uno de mis cumplea\u00f1os en los que pinchaba un barril, y que en ese local alguna banda local est\u00e9 dando un peque\u00f1o concierto en directo.<\/p>\n<p>Mi lista de deseos puede llegar a ser infinita. Pero voy a pedirle algo m\u00e1s. Que siga escuchando a todos los granadinos y granadinas, a toda la gente, a todos. Que no deje de escuchar a ninguno. Y que les responda a todos.<\/p>\n<p>Mientras, seguiremos estando en la Redacci\u00f3n de IDEAL.<\/p>\n<p>&nbsp;<\/p>\n<p>&nbsp;<\/p>\n","protected":false},"excerpt":{"rendered":"<p>Mayo de 2010. Paco Cuenca, que es desde hoy el nuevo alcalde de Granada, celebra el ascenso a Segunda Divisi\u00f3n A del Granada CF en la Redacci\u00f3n de IDEAL. El peri\u00f3dico reuni\u00f3 aquella tarde a las viejas glorias del equipo y a notables de la ciudad y vimos el partido todos juntos. Nervios, sufrimiento, compa\u00f1erismo [&hellip;]<\/p>\n","protected":false},"author":73,"featured_media":0,"comment_status":"open","ping_status":"open","sticky":false,"template":"","format":"standard","meta":{"footnotes":""},"categories":[58473],"tags":[1659,1537,4026,41756,63784,24375,2416],"class_list":["post-6664","post","type-post","status-publish","format-standard","hentry","category-la-politica-parda","tag-alcalde","tag-ayuntamiento","tag-cuenca","tag-francisco","tag-granada","tag-paco","tag-socialista"],"_links":{"self":[{"href":"https:\/\/granadablogs.com\/cableados\/wp-json\/wp\/v2\/posts\/6664","targetHints":{"allow":["GET"]}}],"collection":[{"href":"https:\/\/granadablogs.com\/cableados\/wp-json\/wp\/v2\/posts"}],"about":[{"href":"https:\/\/granadablogs.com\/cableados\/wp-json\/wp\/v2\/types\/post"}],"author":[{"embeddable":true,"href":"https:\/\/granadablogs.com\/cableados\/wp-json\/wp\/v2\/users\/73"}],"replies":[{"embeddable":true,"href":"https:\/\/granadablogs.com\/cableados\/wp-json\/wp\/v2\/comments?post=6664"}],"version-history":[{"count":8,"href":"https:\/\/granadablogs.com\/cableados\/wp-json\/wp\/v2\/posts\/6664\/revisions"}],"predecessor-version":[{"id":6673,"href":"https:\/\/granadablogs.com\/cableados\/wp-json\/wp\/v2\/posts\/6664\/revisions\/6673"}],"wp:attachment":[{"href":"https:\/\/granadablogs.com\/cableados\/wp-json\/wp\/v2\/media?parent=6664"}],"wp:term":[{"taxonomy":"category","embeddable":true,"href":"https:\/\/granadablogs.com\/cableados\/wp-json\/wp\/v2\/categories?post=6664"},{"taxonomy":"post_tag","embeddable":true,"href":"https:\/\/granadablogs.com\/cableados\/wp-json\/wp\/v2\/tags?post=6664"}],"curies":[{"name":"wp","href":"https:\/\/api.w.org\/{rel}","templated":true}]}}