{"id":1881,"date":"2026-04-28T09:40:50","date_gmt":"2026-04-28T09:40:50","guid":{"rendered":"https:\/\/granadablogs.com\/entrelineas\/?p=1881"},"modified":"2026-04-28T09:40:50","modified_gmt":"2026-04-28T09:40:50","slug":"el-ocaso-de-la-legalidad","status":"publish","type":"post","link":"https:\/\/granadablogs.com\/entrelineas\/2026\/04\/28\/el-ocaso-de-la-legalidad\/","title":{"rendered":"El ocaso de la legalidad."},"content":{"rendered":"\n<p>La arquitectura del actual orden internacional atraviesa una crisis de principios que trasciende la distribuci\u00f3n de poder entre las grandes potencias. Lo que hoy presenciamos es el desmoronamiento de los cimientos normativos que sostuvieron la ficci\u00f3n de un mundo estable durante d\u00e9cadas. Peter Mair, en \u201c<em>Gobernando el vac\u00edo\u201d<\/em>, describi\u00f3 con precisi\u00f3n el estado de \u201cobnubilaci\u00f3n\u201d institucional provocado por una clase pol\u00edtica que se ha replegado dentro de las estructuras estatales, desconect\u00e1ndose de la sociedad civil y formando una casta m\u00e1s preocupada por su propia estabilidad que por la representaci\u00f3n y la defensa de la legalidad.<\/p>\n\n\n\n<p>Esta met\u00e1fora del vac\u00edo de credibilidad institucional describe el estado de organismos como Naciones Unidas: estructuras que conservan su apariencia protocolaria, pero que han perdido su capacidad para influir en los actores m\u00e1s poderosos (dotados, por cierto, de la potestad de veto). En este escenario de multilateralismo de fachada, Europa, y particularmente Espa\u00f1a, se enfrentan al dilema de seguir habitando en un simulacro de estabilidad o asumir el coste de lo que Hannah Arendt denomin\u00f3 la \u201cverdad factual\u201d.<\/p>\n\n\n\n<p>Vivir en esa verdad implica reconocer que la pol\u00edtica profesional ha sido sustituida por una gesti\u00f3n de la supervivencia personal. Como se\u00f1ala Anne Applebaum, las instituciones occidentales est\u00e1n siendo socavadas desde dentro por una clase pol\u00edtica cuya prioridad no es el fortalecimiento del Estado, sino la permanencia en el poder a trav\u00e9s de la polarizaci\u00f3n, la sumisi\u00f3n a los poderes f\u00e1cticos y los mensajes simplistas. En Espa\u00f1a, esta deriva es particularmente visible. La profesionalidad de los gestores p\u00fablicos ha cedido ante una l\u00f3gica transaccional donde el prestigio institucional se sacrifica en favor de la subsistencia parlamentaria. La degradaci\u00f3n del consenso y la dependencia de ret\u00f3ricas nacionalistas o radicales han generado un entorno de vulnerabilidad extrema. Los l\u00edderes act\u00faan m\u00e1s como bur\u00f3cratas de la inmediatez y gestores del postureo medi\u00e1tico que, como se\u00f1ala Applebaum, estadistas capaces de proyectar a largo plazo.<\/p>\n\n\n\n<p>Esta falta de visi\u00f3n se refleja en la escena internacional, donde la sumisi\u00f3n ante el papel aut\u00f3crata de Trump ha dejado a Europa en una posici\u00f3n de irrelevancia estrat\u00e9gica. Las guerras en Gaza e Ir\u00e1n evidencian esta incapacidad. Mientras Washington y Tel Aviv ejecutan operaciones militares unilaterales, la respuesta europea oscila entre el silencio c\u00f3mplice y la tibieza diplom\u00e1tica. Atacar a terceros pa\u00edses sin el concurso de la comunidad internacional ni el respeto por la legalidad internacional, bajo pretextos que desaf\u00edan la l\u00f3gica m\u00e1s elemental, indican que la Uni\u00f3n Europea parece ser incapaz de adoptar una posici\u00f3n realista que proteja su propio \u00abjard\u00edn\u00bb, como dir\u00eda J. Borrell, prefiriendo externalizar su seguridad a una administraci\u00f3n estadounidense que se rige por criterios puramente espurios y ajenos a la estabilidad global.<\/p>\n\n\n\n<p>La historia, como bien advierte Robert Kaplan en su obra sobre el retorno del mundo de Marco Polo, tiende a repetirse con una monoton\u00eda tr\u00e1gica. Los conflictos internacionales actuales vuelven a las zonas de fractura ancestrales donde los recursos dictan la guerra y la poblaci\u00f3n civil pone los muertos. Kaplan subraya que, por encima de los discursos sobre los derechos humanos y las leyes internacionales, las realidades de los gobiernos imperialistas siguen imponiendo el control por la fuerza. En la guerra de Ir\u00e1n, los perdedores vuelven a ser los mismos de siempre: ciudadanos atrapados en un desastre humanitario, mientras los verdaderos ganadores se sit\u00faan a miles de kil\u00f3metros de las bombas, lobbistas de la industria de defensa que respaldan el conflicto y los grandes inversores que operan en la sombra de las bolsas internacionales.<\/p>\n\n\n\n<p>La industrializaci\u00f3n del conflicto b\u00e9lico ha alcanzado cotas de cinismo nunca vistas. Periodistas de investigaci\u00f3n de prestigio como Jeremy Scahill y Murtaza Hussain han documentado c\u00f3mo el entorno de Trump ha utilizado plataformas como Truth Social para difundir noticias falsas destinadas a manipular los mercados. En marzo de 2026, minutos antes de que el presidente estadounidense publicara mensajes sobre una supuesta desescalada en Ir\u00e1n, un pu\u00f1ado de inversores con acceso a informaci\u00f3n privilegiada logr\u00f3 embolsarse casi 600 millones de d\u00f3lares aprovechando el vaiv\u00e9n del precio del crudo. Mientras la poblaci\u00f3n sufre el encarecimiento de la energ\u00eda y la escalada de la inflaci\u00f3n, las petroleras estadounidenses proyectan ganancias milmillonarias extraordinarias y Rusia hace caja para seguir alimentando su capacidad b\u00e9lica contra Ucrania. Este pelotazo millonario en plena guerra evidencia que el orden de 1945 ha muerto definitivamente, dejando paso a una anarqu\u00eda global donde la \u00fanica ley vigente es la del beneficio inmediato para una \u00e9lite protegida por el poder econ\u00f3mico.<\/p>\n\n\n\n<p>Para Espa\u00f1a, el riesgo de aislamiento es real si no logra diversificar sus alianzas y recuperar un nivel de profesionalidad pol\u00edtica que le permita liderar, y no solo obedecer. El comportamiento de las grandes potencias marca un retorno al realismo decimon\u00f3nico de las esferas de influencia, donde el \u00abpoder blando\u00bb europeo es in\u00fatil frente a los drones y los ciberataques si no est\u00e1 respaldado por una capacidad de coerci\u00f3n cre\u00edble y un posicionamiento soberano inquebrantable. El apoyo a la legalidad internacional debe ser, adem\u00e1s de un imperativo moral, una necesidad de supervivencia; si se permite que el decorado del derecho internacional se venga abajo, las naciones medianas quedar\u00e1n a merced de los caprichos de los aut\u00f3cratas.<\/p>\n\n\n\n<p>En este escenario, Europa debe despertar de su letargo y salir de su cautela estructural. La comodidad de lo que Arendt llam\u00f3 el \u00abcinismo generalizado\u00bb (ese estado en el que la mentira pol\u00edtica constante no busca que se cree una falsedad concreta, sino sembrar la duda sobre toda verdad) ya no es sostenible. Solo desde la fortaleza y la coherencia interna se podr\u00e1 reconstruir un di\u00e1logo que garantice la seguridad geopol\u00edtica europea. La apuesta es alta porque, como advirti\u00f3 Arendt, transformar el mundo exige describirlo tal como es y asumir el coste de decir la verdad.<\/p>\n\n\n\n<p>Jos\u00e9 Manuel Navarro Llena<\/p>\n\n\n\n<p>@jmnllena<\/p>\n\n\n\n<p>Publicado en\u00a0<a href=\"https:\/\/www.ideal.es\/\">IDEAL (Grupo Vocento)<\/a>\u00a0el <a href=\"https:\/\/www.ideal.es\/opinion\/jose-manuel-navarro-llena-ocaso-legalidad-20260428212705-nt.html\">28-04-2026<\/a><\/p>\n\n\n\n<div class=\"wp-block-file\"><a id=\"wp-block-file--media-d8493ecf-f990-4c71-8b0a-b490c6d53fcb\" href=\"https:\/\/granadablogs.com\/entrelineas\/files\/2026\/04\/El-ocaso-de-la-legalidad.jpg\">El ocaso de la legalidad<\/a><a href=\"https:\/\/granadablogs.com\/entrelineas\/files\/2026\/04\/El-ocaso-de-la-legalidad.jpg\" class=\"wp-block-file__button wp-element-button\" download aria-describedby=\"wp-block-file--media-d8493ecf-f990-4c71-8b0a-b490c6d53fcb\">Descarga<\/a><\/div>\n","protected":false},"excerpt":{"rendered":"<p>La arquitectura del actual orden internacional atraviesa una crisis de principios que trasciende la distribuci\u00f3n de poder entre las grandes potencias. Lo que hoy presenciamos es el desmoronamiento de los cimientos normativos que sostuvieron la ficci\u00f3n de un mundo estable durante d\u00e9cadas. Peter Mair, en \u201cGobernando el vac\u00edo\u201d, describi\u00f3 con precisi\u00f3n el estado de \u201cobnubilaci\u00f3n\u201d [&hellip;]<\/p>\n","protected":false},"author":66,"featured_media":1883,"comment_status":"open","ping_status":"open","sticky":false,"template":"","format":"standard","meta":{"footnotes":""},"categories":[73875,73921,73888,73839],"tags":[73877,73924,73982,73980,73981],"class_list":["post-1881","post","type-post","status-publish","format-standard","has-post-thumbnail","hentry","category-democracia","category-geopolitica","category-liberalismo","category-social","tag-economia","tag-geopolitica","tag-gobernanza","tag-legalidad","tag-ue"],"_links":{"self":[{"href":"https:\/\/granadablogs.com\/entrelineas\/wp-json\/wp\/v2\/posts\/1881","targetHints":{"allow":["GET"]}}],"collection":[{"href":"https:\/\/granadablogs.com\/entrelineas\/wp-json\/wp\/v2\/posts"}],"about":[{"href":"https:\/\/granadablogs.com\/entrelineas\/wp-json\/wp\/v2\/types\/post"}],"author":[{"embeddable":true,"href":"https:\/\/granadablogs.com\/entrelineas\/wp-json\/wp\/v2\/users\/66"}],"replies":[{"embeddable":true,"href":"https:\/\/granadablogs.com\/entrelineas\/wp-json\/wp\/v2\/comments?post=1881"}],"version-history":[{"count":1,"href":"https:\/\/granadablogs.com\/entrelineas\/wp-json\/wp\/v2\/posts\/1881\/revisions"}],"predecessor-version":[{"id":1884,"href":"https:\/\/granadablogs.com\/entrelineas\/wp-json\/wp\/v2\/posts\/1881\/revisions\/1884"}],"wp:featuredmedia":[{"embeddable":true,"href":"https:\/\/granadablogs.com\/entrelineas\/wp-json\/wp\/v2\/media\/1883"}],"wp:attachment":[{"href":"https:\/\/granadablogs.com\/entrelineas\/wp-json\/wp\/v2\/media?parent=1881"}],"wp:term":[{"taxonomy":"category","embeddable":true,"href":"https:\/\/granadablogs.com\/entrelineas\/wp-json\/wp\/v2\/categories?post=1881"},{"taxonomy":"post_tag","embeddable":true,"href":"https:\/\/granadablogs.com\/entrelineas\/wp-json\/wp\/v2\/tags?post=1881"}],"curies":[{"name":"wp","href":"https:\/\/api.w.org\/{rel}","templated":true}]}}