{"id":11554,"date":"2014-03-03T07:00:50","date_gmt":"2014-03-03T05:00:50","guid":{"rendered":"http:\/\/granadablogs.com\/gr-arquitectos\/?p=11554"},"modified":"2014-02-28T22:43:38","modified_gmt":"2014-02-28T20:43:38","slug":"un-laboratorio-de-altura","status":"publish","type":"post","link":"https:\/\/granadablogs.com\/gr-arquitectos\/2014\/03\/03\/un-laboratorio-de-altura\/","title":{"rendered":"UN LABORATORIO DE ALTURA"},"content":{"rendered":"<h4>\u00a0<span style=\"line-height: 1.5em\">\u201cEl Territorio Comprometido\u201d<\/span><\/h4>\n<p style=\"text-align: justify\">Nos alegra comprobar c\u00f3mo desde la prensa se hacen eco de la labor que desde el Parque Natural y Nacional de Sierra Nevada se est\u00e1 realizando a trav\u00e9s de la estrategia Glochamore de la UNESCO y el Observatorio del Cambio Global. Con motivo del d\u00eda de Andaluc\u00eda publicaron el siguiente art\u00edculo, titulado <b>\u201c<a href=\"http:\/\/ccaa.elpais.com\/ccaa\/2014\/02\/24\/andalucia\/1393257238_400539.html\">Un laboratorio de altura<\/a>\u201d. <\/b>Os recordamos, del mismo modo, la <a href=\"http:\/\/granadablogs.com\/gr-arquitectos\/2014\/01\/22\/sierra-nevada-un-laboratorio-de-excepcion-para-el-cambio-global-i\/\">serie<\/a> de post que <i>La Ciudad Comprometida<\/i> le est\u00e1 dedicando a este tema desde hace algunas semanas.<\/p>\n<figure id=\"attachment_11555\" aria-describedby=\"caption-attachment-11555\" style=\"width: 300px\" class=\"wp-caption aligncenter\"><a href=\"http:\/\/granadablogs.com\/gr-arquitectos\/files\/2014\/02\/1393257238_400539_1393442438_noticia_normal.jpg\"><img loading=\"lazy\" decoding=\"async\" class=\"size-full wp-image-11555\" alt=\"Fuente: el elpais.com\" src=\"http:\/\/granadablogs.com\/gr-arquitectos\/files\/2014\/02\/1393257238_400539_1393442438_noticia_normal.jpg\" width=\"300\" height=\"450\" srcset=\"https:\/\/granadablogs.com\/gr-arquitectos\/files\/2014\/02\/1393257238_400539_1393442438_noticia_normal.jpg 300w, https:\/\/granadablogs.com\/gr-arquitectos\/files\/2014\/02\/1393257238_400539_1393442438_noticia_normal-200x300.jpg 200w\" sizes=\"auto, (max-width: 300px) 100vw, 300px\" \/><\/a><figcaption id=\"caption-attachment-11555\" class=\"wp-caption-text\">Fuente: el elpais.com<\/figcaption><\/figure>\n<p style=\"text-align: justify\">UN LABORATORIO DE ALTURA<\/p>\n<p style=\"text-align: justify\"><i><a href=\"http:\/\/elpais.com\/tag\/sierra_nevada\/a\/\" target=\"_blank\">Sierra Nevada<\/a>\u00a0es, por su climatolog\u00eda de elevada biodiversidad y por el amplio rango de altitudes, un lugar privilegiado para estudiar los cambios que se originan en el planeta. Desde numerosos puntos de Granada se puede admirar la se\u00f1orial vista de sus cumbres blancas, pero Sierra Nevada es un territorio valorado mucho m\u00e1s all\u00e1 de nuestras fronteras. En 1986, se incluy\u00f3 como Reserva de la Biosfera en el listado de espacios considerados Patrimonio de la Humanidad por la Unesco. Posteriormente, en 1989, fue declarado Parque Natural y una d\u00e9cada m\u00e1s tarde, Parque Nacional. Tambi\u00e9n est\u00e1 incluida en la Red Natura 2000.<\/i><\/p>\n<p style=\"text-align: justify\"><i>El patrimonio natural que atesora y sus singulares caracter\u00edsticas propiciaron su inclusi\u00f3n en la estrategia Glochamore (Cambio global en regiones de monta\u00f1a) de la Unesco, por lo que desde 2005 es uno de los 28 observatorios de cambio global que hay en el mundo. A partir de ah\u00ed \u201ccambi\u00f3 mucho la forma de trabajar\u201d, explica el director del parque Javier S\u00e1nchez. La gesti\u00f3n se moderniz\u00f3 y adapt\u00f3 a nuevas necesidades con dos herramientas fundamentales: el observatorio y la acreditaci\u00f3n en 2004 de la Carta Europea de Turismo Sostenible, con la que gestores y empresas definen sus estrategias de forma participada.<\/i><\/p>\n<p style=\"text-align: justify\"><i>El reto es lograr el \u201c<a href=\"http:\/\/ccaa.elpais.com\/ccaa\/2013\/05\/07\/andalucia\/1367932294_639234.html\" target=\"_blank\">equilibrio\u201d y la \u201carmon\u00eda\u201d<\/a>\u00a0entre sectores tan diversos como cient\u00edficos, agricultores, ganaderos, empresarios\u2026 en un espacio natural tan amplio. En ello trabajan aunque eso no evite determinados conflictos con agricultores o cazadores, por poner un ejemplo, en casos concretos. \u201cNo nos podemos quedar en la rentabilidad econ\u00f3mica a corto plazo, hay que ir al medio y al largo con este capital natural, pero no siempre es f\u00e1cil\u201d, reconoce S\u00e1nchez.<\/i><\/p>\n<p style=\"text-align: justify\"><i>En cualquier caso, los avances son muy importantes. Desde que se dise\u00f1\u00f3 el programa de seguimiento y la implantaci\u00f3n del sistema de informaci\u00f3n de los datos que se van recopilando \u2014m\u00e1s de 130 variables\u2014 se han dise\u00f1ado distintas estrategias. De lo que se trata no es solo de detectar se\u00f1ales de cambio o conservar los ecosistemas de manera est\u00e1tica, sino de poner en marcha \u201cproyectos experimentales\u201d capaces de promover una conservaci\u00f3n din\u00e1mica que les ayude a adaptarse a los cambios.<\/i><\/p>\n<p style=\"text-align: justify\"><i>La monta\u00f1a, situada en el entorno del Mediterr\u00e1neo, es una de las \u00e1reas m\u00e1s vulnerables al cambio clim\u00e1tico. En ella se concentran condiciones ambientales que en otros entornos es necesario conocerlas en superficies mucho m\u00e1s extensas. M\u00e1s de un centenar de personas trabaja de un modo u otro ligado al proyecto, no solo cient\u00edficos y gestores, tambi\u00e9n agentes de medio ambiente, pastores, ganaderos, comunidades de regantes&#8230;<\/i><\/p>\n<figure id=\"attachment_11327\" aria-describedby=\"caption-attachment-11327\" style=\"width: 564px\" class=\"wp-caption aligncenter\"><a href=\"http:\/\/granadablogs.com\/gr-arquitectos\/files\/2014\/01\/2013-06-08-08.39.23.jpg\"><img loading=\"lazy\" decoding=\"async\" class=\" wp-image-11327    \" alt=\"Cara norte Veleta, Mulhacen y Alcabaza. Fuente: Elaboraci\u00f3n propia\" src=\"http:\/\/granadablogs.com\/gr-arquitectos\/files\/2014\/01\/2013-06-08-08.39.23.jpg\" width=\"564\" height=\"318\" srcset=\"https:\/\/granadablogs.com\/gr-arquitectos\/files\/2014\/01\/2013-06-08-08.39.23.jpg 3264w, https:\/\/granadablogs.com\/gr-arquitectos\/files\/2014\/01\/2013-06-08-08.39.23-300x168.jpg 300w, https:\/\/granadablogs.com\/gr-arquitectos\/files\/2014\/01\/2013-06-08-08.39.23-1024x576.jpg 1024w\" sizes=\"auto, (max-width: 564px) 100vw, 564px\" \/><\/a><figcaption id=\"caption-attachment-11327\" class=\"wp-caption-text\">Cara norte Veleta, Mulhacen y Alcabaza. Fuente: Elaboraci\u00f3n propia<\/figcaption><\/figure>\n<p style=\"text-align: justify\"><strong><i>Disminuci\u00f3n de nieve<\/i><\/strong><i>. En lo que lleva en marcha el programa, se han obtenido algunos resultados, aunque los estudios requieren en la mayor parte de los casos m\u00e1s tiempo.<\/i><\/p>\n<p style=\"text-align: justify\"><i>Entre las principales consecuencias, la m\u00e1s \u201calarmante y visible\u201d es la disminuci\u00f3n de nieve. Los datos son contundentes en este sentido. En los \u00faltimos 12 a\u00f1os el periodo de nieve est\u00e1 disminuyendo, principalmente por una tendencia al adelanto en la \u00faltima fecha de la nieve. La cubierta tambi\u00e9n est\u00e1 en retroceso y as\u00ed se prev\u00e9 que el caudal de agua de los r\u00edos procedentes de la fusi\u00f3n del hielo de las cimas sea cada vez menor, lo que alterar\u00e1 adem\u00e1s los ritmos estacionales de las especies.<\/i><\/p>\n<p style=\"text-align: justify\"><i>En cuanto al aumento de la temperatura media global de un grado cent\u00edgrado en los \u00faltimos 30 a\u00f1os, el estudio prev\u00e9 que ese incremento sea acusado especialmente en Sierra Nevada, donde la temperatura media del agua de los r\u00edos ha aumentado 2,5 grados cent\u00edgrados en los \u00faltimos 20 a\u00f1os y se ha dilatado el tiempo de deshielo.<\/i><\/p>\n<p style=\"text-align: justify\"><i>Las variaciones atmosf\u00e9ricas inciden tambi\u00e9n en la vida de animales y plantas. As\u00ed, seg\u00fan se desprende de los primeros resultados del programa de seguimiento, la alteraci\u00f3n de los ritmos estacionales est\u00e1 ligada tambi\u00e9n a la altitud. Mientras que las mariposas diurnas adelantan su fecha de vuelo a medida que se asciende, hay especies vegetales que retrasan su floraci\u00f3n seg\u00fan aumenta la altitud.<\/i><\/p>\n<p style=\"text-align: justify\"><i>Al igual que ocurre en otros lugares de Europa, se ha detectado que algunas plantas de clima fr\u00edo se retiran de las monta\u00f1as y prosperan las adaptadas al calor. Los p\u00e1jaros tambi\u00e9n dan algunas pistas interesantes sobre el proceso. En los \u00faltimos cinco a\u00f1os, se han incrementado las especies de monta\u00f1a y han disminuido las de matorral, lo que tiene que ver con el cambio de uso y probablemente con la mejora en el estado de conservaci\u00f3n de ambientes forestales.<\/i><\/p>\n<p style=\"text-align: justify\"><strong><i>Adaptaci\u00f3n a los impactos<\/i><\/strong><i>. Para disminuir la\u00a0<a href=\"http:\/\/ccaa.elpais.com\/ccaa\/2012\/12\/08\/andalucia\/1354995025_657244.html\" target=\"_blank\">vulnerabilidad<\/a>\u00a0de los ecosistemas y aumentar su capacidad de adaptaci\u00f3n hay varios proyectos en marcha en Sierra Nevada. Entre ellos, por ejemplo, est\u00e1 el estancamiento de los robledales debido al d\u00e9ficit h\u00eddrico al que se trata de ayudar con una serie de medidas entre las que destacan: utilizar especies facilitadoras para la siembra, recuperar las acequias tradicionales, localizar \u00e1reas con condiciones \u00f3ptimas o eliminar las especies oportunistas.<\/i><\/p>\n<p style=\"text-align: justify\"><i>Otro de los proyectos se refiere a la naturalizaci\u00f3n de los pinares. A mediados del siglo pasado se repoblaba con excesiva densidad de esta especie y ahora lo que se busca es un h\u00e1bitat abierto, con discontinuidades, heterog\u00e9neo, diverso y resistente a agentes erosivos, como el que se ha realizado tras el incendio de Lanjar\u00f3n en 2005.<\/i><\/p>\n<p style=\"text-align: justify\"><strong><i>Turismo sostenible<\/i><\/strong><i>. La poblaci\u00f3n local y la actividad empresarial que se realiza en este espacio son igualmente clave. La administraci\u00f3n trabaja con las empresas para el desarrollo del ecoturismo tanto en el espacio protegido como en su \u00e1rea de influencia socioecon\u00f3mica.<\/i><\/p>\n<p style=\"text-align: justify\"><i>Desde la acreditaci\u00f3n, el trabajo no ha parado. Los establecimientos vinculados son, hasta la fecha, 67 alojamientos, 40 restaurantes, 18 empresas de actividades tur\u00edstico-ambientales, dos empresas de transporte, un balneario, dos bodegas, cuatro campings, un centro de informaci\u00f3n, tres tiendas y dos refugios.<\/i><\/p>\n<p style=\"text-align: justify\"><i>Se trata de \u201cdiferenciar\u201d el producto por su calidad. Vincular, por ejemplo, la producci\u00f3n primaria con peque\u00f1a industria agroalimentaria y el sector tur\u00edstico dentro del parque. Se ofertan paquetes de ecoturismo \u2014aves y paisaje, fotograf\u00eda, paisajes del agua, huella humana, micolog\u00eda o a caballo\u2014 siempre desde una apuesta responsable que vele por el espacio natural. El movimiento de viajeros al a\u00f1o supera las 896.600 personas, seg\u00fan los datos de la asociaci\u00f3n que integra todas estas empresas.<\/i><\/p>\n<p style=\"text-align: justify\"><strong><i>100 a\u00f1os de esqu\u00ed<\/i><\/strong><i>. Sierra Nevada es adem\u00e1s de un privilegiado enclave natural, un macizo monta\u00f1oso que alberga la\u00a0<a href=\"http:\/\/elpais.com\/tag\/sierra_nevada\/a\/\" target=\"_blank\">\u00fanica estaci\u00f3n de esqu\u00ed<\/a>\u00a0del sur de la pen\u00ednsula. 2014 es el a\u00f1o del centenario del esqu\u00ed en sus pistas. El 3 de marzo de 1914 se public\u00f3 en\u00a0<\/i><em>El defensor de Granada<\/em><i>\u00a0<\/i><i>la primera noticia en prensa que hace alusi\u00f3n a la pr\u00e1ctica del esqu\u00ed en la monta\u00f1a granadina y Sierra Nevada lo conmemora con un programa de actos que arranca hoy con la actuaci\u00f3n en Pradollano de Marina Heredia.<\/i><\/p>\n<p style=\"text-align: justify\"><i>La convivencia no ha estado exenta de pol\u00e9mica. Econom\u00eda, turismo y medio ambiente han chocado en ocasiones, fundamentalmente cada vez que se reactiva la hipot\u00e9tica ampliaci\u00f3n de pistas por espacio protegido, que c\u00edclicamente proponen sobre todo empresarios y que el PP apoya en cada campa\u00f1a electoral. Ha habido expedientes y sanciones por invasiones puntuales, pero la vieja aspiraci\u00f3n de ampliaci\u00f3n se antoja cada vez m\u00e1s complicada con los l\u00edmites de protecci\u00f3n, que precisar\u00edan un cambio normativo. Actualmente la superficie esquiable es de 105 kil\u00f3metros lineales.<\/i><\/p>\n<p style=\"text-align: justify\">Para acceder al art\u00edculo original, pincha en el siguiente <a href=\"http:\/\/ccaa.elpais.com\/ccaa\/2014\/02\/24\/andalucia\/1393257238_400539.html\">ENLACE<\/a><\/p>\n<p style=\"text-align: justify\">\n","protected":false},"excerpt":{"rendered":"<p>\u00a0\u201cEl Territorio Comprometido\u201d Nos alegra comprobar c\u00f3mo desde la prensa se hacen eco de la labor que desde el Parque Natural y Nacional de Sierra Nevada se est\u00e1 realizando a trav\u00e9s de la estrategia Glochamore de la UNESCO y el Observatorio del Cambio Global. Con motivo del d\u00eda de Andaluc\u00eda publicaron el siguiente art\u00edculo, titulado [&hellip;]<\/p>\n","protected":false},"author":38,"featured_media":0,"comment_status":"open","ping_status":"open","sticky":false,"template":"","format":"standard","meta":{"footnotes":""},"categories":[1573],"tags":[34598,11364,34600,19582,9147,2355,12069,11919,34599,913],"class_list":["post-11554","post","type-post","status-publish","format-standard","hentry","category-3-el-territorio-comprometido","tag-cambio-global","tag-elpaisdigital","tag-glochamore","tag-laboratorio","tag-metodologia","tag-observatorio","tag-prensa","tag-prensa-digital","tag-seguimiento","tag-sierra-nevada"],"_links":{"self":[{"href":"https:\/\/granadablogs.com\/gr-arquitectos\/wp-json\/wp\/v2\/posts\/11554","targetHints":{"allow":["GET"]}}],"collection":[{"href":"https:\/\/granadablogs.com\/gr-arquitectos\/wp-json\/wp\/v2\/posts"}],"about":[{"href":"https:\/\/granadablogs.com\/gr-arquitectos\/wp-json\/wp\/v2\/types\/post"}],"author":[{"embeddable":true,"href":"https:\/\/granadablogs.com\/gr-arquitectos\/wp-json\/wp\/v2\/users\/38"}],"replies":[{"embeddable":true,"href":"https:\/\/granadablogs.com\/gr-arquitectos\/wp-json\/wp\/v2\/comments?post=11554"}],"version-history":[{"count":2,"href":"https:\/\/granadablogs.com\/gr-arquitectos\/wp-json\/wp\/v2\/posts\/11554\/revisions"}],"predecessor-version":[{"id":11557,"href":"https:\/\/granadablogs.com\/gr-arquitectos\/wp-json\/wp\/v2\/posts\/11554\/revisions\/11557"}],"wp:attachment":[{"href":"https:\/\/granadablogs.com\/gr-arquitectos\/wp-json\/wp\/v2\/media?parent=11554"}],"wp:term":[{"taxonomy":"category","embeddable":true,"href":"https:\/\/granadablogs.com\/gr-arquitectos\/wp-json\/wp\/v2\/categories?post=11554"},{"taxonomy":"post_tag","embeddable":true,"href":"https:\/\/granadablogs.com\/gr-arquitectos\/wp-json\/wp\/v2\/tags?post=11554"}],"curies":[{"name":"wp","href":"https:\/\/api.w.org\/{rel}","templated":true}]}}