{"id":12572,"date":"2015-01-01T07:30:47","date_gmt":"2015-01-01T05:30:47","guid":{"rendered":"http:\/\/granadablogs.com\/gr-arquitectos\/?p=12572"},"modified":"2015-01-12T10:39:07","modified_gmt":"2015-01-12T08:39:07","slug":"que-al-que-la-suerte-le-acompana-no-se-desentienda-del-sufrimiento-ajeno","status":"publish","type":"post","link":"https:\/\/granadablogs.com\/gr-arquitectos\/2015\/01\/01\/que-al-que-la-suerte-le-acompana-no-se-desentienda-del-sufrimiento-ajeno\/","title":{"rendered":"QUE AL QUE LA SUERTE LE ACOMPA\u00d1A NO SE DESENTIENDA DEL SUFRIMIENTO AJENO"},"content":{"rendered":"<h4>\u00abCiudadanos Comprometidos\u00bb<\/h4>\n<p style=\"text-align: justify\">Hace 500 a\u00f1os vivi\u00f3 en Granada un tipo inquieto y revolucionario. Un tipo excepcional para su \u00e9poca y un personaje hist\u00f3rico fuera de toda duda\u2026 Un granadino \u2013adoptivo- universal cuya fama, o m\u00e1s bien su obra, nada tuvo que ver con conquistas militares, con logros pol\u00edticos o con el poder terrenal. Ni tan siquiera con las artes o con la literatura. Todo tuvo que ver con que este buen hombre, en cierto momento de su vida, tuvo claro que deb\u00eda asumir un reto colosal, y en cumplimiento de \u201c<em>su misi\u00f3n<\/em>\u201d busc\u00f3 y hall\u00f3 la complicidad de la sociedad que le rodeaba invitando a ricos y poderosos a que se ayudaran a s\u00ed mismos dando limosna a los pobres\u2026<\/p>\n<p style=\"text-align: justify\"><em>\u201cQue aquel al que la suerte le acompa\u00f1a no se desentienda del sufrimiento ajeno\u201d<\/em><\/p>\n<figure id=\"attachment_12573\" aria-describedby=\"caption-attachment-12573\" style=\"width: 560px\" class=\"wp-caption aligncenter\"><a href=\"http:\/\/granadablogs.com\/gr-arquitectos\/files\/2015\/01\/06_biografiaSanJuanD.jpg\"><img loading=\"lazy\" decoding=\"async\" class=\"wp-image-12573\" src=\"http:\/\/granadablogs.com\/gr-arquitectos\/files\/2015\/01\/06_biografiaSanJuanD.jpg\" alt=\"\" width=\"560\" height=\"682\" srcset=\"https:\/\/granadablogs.com\/gr-arquitectos\/files\/2015\/01\/06_biografiaSanJuanD.jpg 349w, https:\/\/granadablogs.com\/gr-arquitectos\/files\/2015\/01\/06_biografiaSanJuanD-246x300.jpg 246w\" sizes=\"auto, (max-width: 560px) 100vw, 560px\" \/><\/a><figcaption id=\"caption-attachment-12573\" class=\"wp-caption-text\">San Juan de Dios. Fuente: sanjuandedios.org<\/figcaption><\/figure>\n<p style=\"text-align: justify\">Y aquella misi\u00f3n, que se torn\u00f3 m\u00e1s bien en milagro, fue legarnos a trav\u00e9s de su vida y de su ejemplo que los peque\u00f1os cambios\u00a0 pueden ser poderosos.\u00a0 Y que la coherencia y la solidaridad resuenan con fuerza en nuestras consciencias y que es posible un cambio colectivo hacia una sociedad m\u00e1s justa, que acoja, cuide y respete a los m\u00e1s vulnerables.<\/p>\n<p style=\"text-align: justify\">Su ejemplo fue contagioso ya que apenas veinte a\u00f1os despu\u00e9s de su muerte, aquella iniciativa que parti\u00f3 desde Granada, se extendi\u00f3 a numerosas ciudades de Espa\u00f1a, Europa y Am\u00e9rica, cuya llama hoy sigue no solo viva sino ardiente, y cuyo poder transformador sigue plenamente vigente gracias a que se sigue nutriendo de la coherencia y del testimonio personal.<\/p>\n<p style=\"text-align: justify\">A aquel personaje excepcional se le conoce como <strong>San Juan de Dios<\/strong>,\u00a0 y sus comprometidos seguidores, los miles de seguidores que hoy se cuentan por todo el orbe, est\u00e1n empe\u00f1ados en poner de moda el <strong><em>Desarrollo Solidario. <\/em><\/strong>Tiene como objetivo identificar y atender necesidades de colectivos y personas vulnerables o en riesgo de exclusi\u00f3n social, movilizando para ello todos los recursos que son capaces de acopiar. Y su acci\u00f3n solidaria la desarrollan en el entorno de sus hospitales y centros (porque existen bolsas de pobreza, exclusi\u00f3n social y marginaci\u00f3n que requieren una mayor atenci\u00f3n) y sobre todo a trav\u00e9s de la cooperaci\u00f3n internacional, ya que suele coincidir que los pa\u00edses m\u00e1s pobres son precisamente aquellos cuyas estructuras sociales p\u00fablicas son m\u00e1s d\u00e9biles y por tanto donde mayor desamparo tienen las personas enfermas y con discapacidad.<\/p>\n<p style=\"text-align: justify\">Por eso, nada mejor para empezar el nuevo a\u00f1o 2015 que reconocer con enorme orgullo y agradecimiento los m\u00e9ritos de la <strong>Orden Hospitalaria de San Juan de Dios<\/strong>, que desde hoy engrosar\u00e1 nuestra selecta n\u00f3mina de <em>Ciudadanos Comprometidos<\/em>, considerando asimismo a sus benefactores y voluntarios,<strong>\u00a0 <\/strong>por su acci\u00f3n solidaria y ejemplar.\u00a0 Al tiempo que queremos hacernos eco de su llamada a participar en esta acci\u00f3n que mueve corazones y transforma las condiciones de vida de miles de personas.\u00a0 Y nada para ello como haberos hablado de ellos, ya que como dicen, el primer paso es conocer lo que hacen\u2026 ya el resto ya vendr\u00e1 por a\u00f1adidura.<\/p>\n<figure id=\"attachment_12574\" aria-describedby=\"caption-attachment-12574\" style=\"width: 560px\" class=\"wp-caption aligncenter\"><a href=\"http:\/\/granadablogs.com\/gr-arquitectos\/files\/2015\/01\/slider_HOSPITAL-ANTIGUO_08-01.png\"><img loading=\"lazy\" decoding=\"async\" class=\"wp-image-12574\" src=\"http:\/\/granadablogs.com\/gr-arquitectos\/files\/2015\/01\/slider_HOSPITAL-ANTIGUO_08-01.png\" alt=\"\" width=\"560\" height=\"248\" srcset=\"https:\/\/granadablogs.com\/gr-arquitectos\/files\/2015\/01\/slider_HOSPITAL-ANTIGUO_08-01.png 726w, https:\/\/granadablogs.com\/gr-arquitectos\/files\/2015\/01\/slider_HOSPITAL-ANTIGUO_08-01-300x132.png 300w, https:\/\/granadablogs.com\/gr-arquitectos\/files\/2015\/01\/slider_HOSPITAL-ANTIGUO_08-01-644x284.png 644w\" sizes=\"auto, (max-width: 560px) 100vw, 560px\" \/><\/a><figcaption id=\"caption-attachment-12574\" class=\"wp-caption-text\">Hospital antiguo de la orden de San Juan de Dios en Granada. Fuente: sjdgranada.es<\/figcaption><\/figure>\n<p style=\"text-align: justify\">Para mayor informaci\u00f3n, escribir a <a href=\"mailto:desarrollo.solidario@sjd.es\">desarrollo.solidario@sjd.es<\/a> o visitar <a href=\"http:\/\/www.sjd.es\/\">www.sjd.es<\/a><\/p>\n","protected":false},"excerpt":{"rendered":"<p>\u00abCiudadanos Comprometidos\u00bb Hace 500 a\u00f1os vivi\u00f3 en Granada un tipo inquieto y revolucionario. Un tipo excepcional para su \u00e9poca y un personaje hist\u00f3rico fuera de toda duda\u2026 Un granadino \u2013adoptivo- universal cuya fama, o m\u00e1s bien su obra, nada tuvo que ver con conquistas militares, con logros pol\u00edticos o con el poder terrenal. Ni tan [&hellip;]<\/p>\n","protected":false},"author":38,"featured_media":0,"comment_status":"open","ping_status":"open","sticky":false,"template":"","format":"standard","meta":{"footnotes":""},"categories":[9561],"tags":[59651,26,62212,12037,679,11914],"class_list":["post-12572","post","type-post","status-publish","format-standard","hentry","category-5-ciudadanos-comprometidos","tag-enfermos","tag-granada","tag-mision","tag-orden","tag-pobreza","tag-san-juan-de-dios"],"_links":{"self":[{"href":"https:\/\/granadablogs.com\/gr-arquitectos\/wp-json\/wp\/v2\/posts\/12572","targetHints":{"allow":["GET"]}}],"collection":[{"href":"https:\/\/granadablogs.com\/gr-arquitectos\/wp-json\/wp\/v2\/posts"}],"about":[{"href":"https:\/\/granadablogs.com\/gr-arquitectos\/wp-json\/wp\/v2\/types\/post"}],"author":[{"embeddable":true,"href":"https:\/\/granadablogs.com\/gr-arquitectos\/wp-json\/wp\/v2\/users\/38"}],"replies":[{"embeddable":true,"href":"https:\/\/granadablogs.com\/gr-arquitectos\/wp-json\/wp\/v2\/comments?post=12572"}],"version-history":[{"count":4,"href":"https:\/\/granadablogs.com\/gr-arquitectos\/wp-json\/wp\/v2\/posts\/12572\/revisions"}],"predecessor-version":[{"id":12602,"href":"https:\/\/granadablogs.com\/gr-arquitectos\/wp-json\/wp\/v2\/posts\/12572\/revisions\/12602"}],"wp:attachment":[{"href":"https:\/\/granadablogs.com\/gr-arquitectos\/wp-json\/wp\/v2\/media?parent=12572"}],"wp:term":[{"taxonomy":"category","embeddable":true,"href":"https:\/\/granadablogs.com\/gr-arquitectos\/wp-json\/wp\/v2\/categories?post=12572"},{"taxonomy":"post_tag","embeddable":true,"href":"https:\/\/granadablogs.com\/gr-arquitectos\/wp-json\/wp\/v2\/tags?post=12572"}],"curies":[{"name":"wp","href":"https:\/\/api.w.org\/{rel}","templated":true}]}}