{"id":13624,"date":"2016-03-30T07:30:56","date_gmt":"2016-03-30T05:30:56","guid":{"rendered":"http:\/\/granadablogs.com\/gr-arquitectos\/?p=13624"},"modified":"2016-04-14T13:00:36","modified_gmt":"2016-04-14T11:00:36","slug":"pongamos-que-hablamos-de-sostenibilidad-y-eficiencia-urbana","status":"publish","type":"post","link":"https:\/\/granadablogs.com\/gr-arquitectos\/2016\/03\/30\/pongamos-que-hablamos-de-sostenibilidad-y-eficiencia-urbana\/","title":{"rendered":"PONGAMOS QUE HABLO DE SOSTENIBILIDAD Y EFICIENCIA URBANA"},"content":{"rendered":"<h4 style=\"text-align: justify\">\u00abLa Ciudad Comprometida\u00bb<\/h4>\n<p style=\"text-align: justify\">La evoluci\u00f3n, transformaci\u00f3n y adaptaci\u00f3n son conceptos intr\u00ednsecos en la propia definici\u00f3n de lo urbano. Y esto es as\u00ed porque las ciudades, entendidas como sistemas, se renuevan constantemente, ya sea por intervenciones o por su propio desarrollo como \u201cente vivo\u201d. Por tanto:<\/p>\n<p style=\"text-align: justify\">Con cada proyecto nuevo, con cada rehabilitaci\u00f3n de un edificio, con cada nuevo negocio, cada vez que se redise\u00f1a una plaza, con la propia din\u00e1mica cultural de un distrito, con las iniciativas de la gente en sus barrios o al modernizar el transporte p\u00fablico\u2026<\/p>\n<p style=\"text-align: justify\">No importa si es\u00a0con proyectos p\u00fablicos o privado. Cada vez que se crea un condominio cerrado a los dem\u00e1s vecinos, o con cada familia que se expulsa de su barrio para reubicar sucursales bancarias, cadenas comerciales u oficinas\u2026<\/p>\n<p style=\"text-align: justify\">Cuando mimamos colectivamente la arquitectura propia de nuestros pueblos, o cuando simplemente desaparece para impostar otros edificios mucho m\u00e1s modernos, m\u00e1s habitables o mucho m\u00e1s grandes\u2026<\/p>\n<p style=\"text-align: justify\">Con cada asociaci\u00f3n nueva que surge, cuando una ciudad se vuelve participativa, o cuando se siente orgullosa de sus tradiciones, o cada vez que se valora m\u00e1s lo ajeno que lo propio.\u00a0Incluso cada vez que se renuncia a la modernidad, o cuando la modernidad justifica la p\u00e9rdida de la memoria de un lugar\u2026<\/p>\n<p style=\"text-align: justify\">Cuando nos sentimos ciudadanos, cuando nos sentimos orgullosos de nuestra ciudad y de c\u00f3mo esta crece o simplemente no crece para ser mejor\u2026<\/p>\n<p style=\"text-align: justify\">Es decir, cada d\u00eda que transcurre, al igual que ocurre con los seres vivos, con c\u00e9lula que nace y con aquellas que tambi\u00e9n mueren y son sustituidas por otras, la\u00a0ciudad va molde\u00e1ndose y renov\u00e1ndose\u2026<\/p>\n<p style=\"text-align: justify\">Y en este contexto de una parte cambiante, pero al tiempo muy complejo, y la mayor parte de las veces insatisfactorio, el objetivo del urbanismo y de la ordenaci\u00f3n del territorio es reconducir esas transformaciones, a modelos de ciudades sostenibles, y que respondan a las necesidades de la poblaci\u00f3n. Y como estamos insertos en una \u201caldea global\u201d, por mucho que las din\u00e1micas poblacionales de cada lugar sean,\u00a0sin duda, diferentes, y que cada territorio demande cosas muy particulares, lo que si es cierto es que todos los ciudadanos como todos los lugares comparten unos requerimientos comunes que b\u00e1sicamente son: el mantenimiento de la calidad de vida de sus habitantes y el mantenimiento del medio que les rodea.<\/p>\n<p style=\"text-align: justify\">Y es por ello, cuando hablamos de que es necesaria una buena planificaci\u00f3n, o de que necesitamos el <strong><em>Desarrollo de Ciudades Comprometidas<\/em><\/strong>, en realidad tambi\u00e9n estaremos hablando de sostenibilidad y eficiencia urbana.<\/p>\n<p style=\"text-align: justify\">Por eso, hoy, estoy encantado de presentaros un trabajo elaborado por el Ministerio de Fomento espa\u00f1ol denominado RED DE REDES DE DESARROLLO LOCAL SOSTENIBLE, en el que se explican cu\u00e1les deben ser los grandes ejes definitorios del modelo de una ciudad sostenible (proponiendo 4: COMPACIDAD, COMPLEJIDAD, EFICIENCIA y COHESI\u00d3N SOCIAL) a partir de una serie de indicadores (7) relativamente f\u00e1ciles de ser aplicados tanto para nuevos desarrollos como para tejidos urbanos ya consolidados. Y es por ello que os propongo que en otros tantos cuatro art\u00edculos que publicaremos pr\u00f3ximamente en LCC, los iremos desgranando:<\/p>\n<p style=\"text-align: justify\">* \u00bfQu\u00e9 es una ciudad compacta?<\/p>\n<p style=\"text-align: justify\">* \u00bfPor qu\u00e9 las ciudades es mejor que sean complejas?<\/p>\n<p style=\"text-align: justify\">* \u00bfQu\u00e9 es ser en realidad eficiente cuando hablamos de ciudades o de barrios?<\/p>\n<p style=\"text-align: justify\">* \u00bfC\u00f3mo avanzar hacia una mayor cohesi\u00f3n social?<\/p>\n<figure id=\"attachment_13625\" aria-describedby=\"caption-attachment-13625\" style=\"width: 692px\" class=\"wp-caption aligncenter\"><img loading=\"lazy\" decoding=\"async\" class=\"wp-image-13625 size-full\" src=\"http:\/\/granadablogs.com\/gr-arquitectos\/files\/2016\/03\/ejes_sostenibilidad.jpg\" alt=\"ejes_sostenibilidad\" width=\"692\" height=\"675\" srcset=\"https:\/\/granadablogs.com\/gr-arquitectos\/files\/2016\/03\/ejes_sostenibilidad.jpg 692w, https:\/\/granadablogs.com\/gr-arquitectos\/files\/2016\/03\/ejes_sostenibilidad-300x293.jpg 300w, https:\/\/granadablogs.com\/gr-arquitectos\/files\/2016\/03\/ejes_sostenibilidad-644x628.jpg 644w\" sizes=\"auto, (max-width: 692px) 100vw, 692px\" \/><figcaption id=\"caption-attachment-13625\" class=\"wp-caption-text\">Fuente: Red de redes de desarrollo local sostenible. Ministerio de Fomento.<\/figcaption><\/figure>\n","protected":false},"excerpt":{"rendered":"<p>\u00abLa Ciudad Comprometida\u00bb La evoluci\u00f3n, transformaci\u00f3n y adaptaci\u00f3n son conceptos intr\u00ednsecos en la propia definici\u00f3n de lo urbano. Y esto es as\u00ed porque las ciudades, entendidas como sistemas, se renuevan constantemente, ya sea por intervenciones o por su propio desarrollo como \u201cente vivo\u201d. Por tanto: Con cada proyecto nuevo, con cada rehabilitaci\u00f3n de un edificio, [&hellip;]<\/p>\n","protected":false},"author":38,"featured_media":0,"comment_status":"open","ping_status":"open","sticky":false,"template":"","format":"standard","meta":{"footnotes":""},"categories":[1567],"tags":[835,15887,840,1311,985,837,836],"class_list":["post-13624","post","type-post","status-publish","format-standard","hentry","category-2-la-ciudad-comprometida","tag-arquitectura","tag-dcc","tag-gr-arquitectos","tag-la-ciudad-comprometida","tag-patrimonio","tag-sostenibilidad","tag-urbanismo"],"_links":{"self":[{"href":"https:\/\/granadablogs.com\/gr-arquitectos\/wp-json\/wp\/v2\/posts\/13624","targetHints":{"allow":["GET"]}}],"collection":[{"href":"https:\/\/granadablogs.com\/gr-arquitectos\/wp-json\/wp\/v2\/posts"}],"about":[{"href":"https:\/\/granadablogs.com\/gr-arquitectos\/wp-json\/wp\/v2\/types\/post"}],"author":[{"embeddable":true,"href":"https:\/\/granadablogs.com\/gr-arquitectos\/wp-json\/wp\/v2\/users\/38"}],"replies":[{"embeddable":true,"href":"https:\/\/granadablogs.com\/gr-arquitectos\/wp-json\/wp\/v2\/comments?post=13624"}],"version-history":[{"count":4,"href":"https:\/\/granadablogs.com\/gr-arquitectos\/wp-json\/wp\/v2\/posts\/13624\/revisions"}],"predecessor-version":[{"id":13629,"href":"https:\/\/granadablogs.com\/gr-arquitectos\/wp-json\/wp\/v2\/posts\/13624\/revisions\/13629"}],"wp:attachment":[{"href":"https:\/\/granadablogs.com\/gr-arquitectos\/wp-json\/wp\/v2\/media?parent=13624"}],"wp:term":[{"taxonomy":"category","embeddable":true,"href":"https:\/\/granadablogs.com\/gr-arquitectos\/wp-json\/wp\/v2\/categories?post=13624"},{"taxonomy":"post_tag","embeddable":true,"href":"https:\/\/granadablogs.com\/gr-arquitectos\/wp-json\/wp\/v2\/tags?post=13624"}],"curies":[{"name":"wp","href":"https:\/\/api.w.org\/{rel}","templated":true}]}}