{"id":14779,"date":"2018-01-18T09:46:39","date_gmt":"2018-01-18T07:46:39","guid":{"rendered":"http:\/\/granadablogs.com\/gr-arquitectos\/?p=14779"},"modified":"2018-01-18T09:46:39","modified_gmt":"2018-01-18T07:46:39","slug":"fomentando-las-voces-cualificadas-criticas-y-comnprometidas-de-los-arquitectos","status":"publish","type":"post","link":"https:\/\/granadablogs.com\/gr-arquitectos\/2018\/01\/18\/fomentando-las-voces-cualificadas-criticas-y-comnprometidas-de-los-arquitectos\/","title":{"rendered":"FOMENTANDO LAS VOCES CUALIFICADAS, CR\u00cdTICAS Y COMNPROMETIDAS DE LOS ARQUITECTOS"},"content":{"rendered":"<p style=\"text-align: justify\">El Decano del Colegio de Arquitectos de Granada nos convoc\u00f3 a una docena de arquitectos y otros expertos en asuntos urban\u00edsticos para que hici\u00e9ramos aportes para mejorar el urbanismo andaluz. Y todos los asistentes coincidimos en felicitar al Decano cuando nos propuso que trabaj\u00e1semos por devolver la voz de los arquitectos a la sociedad, participando de manera activa en los principales debates ciudadanos\u2026<\/p>\n<p>Por favor, pincha en la imagen para acceder al art\u00edculo completo<\/p>\n<p style=\"text-align: justify\"><a href=\"https:\/\/gr-arquitectos.com\/component\/k2\/item\/91-fomentando-las-voces-cualificadas-criticas-y-comprometidas-de-los-arquitectos\" target=\"_blank\" rel=\"noopener\"><img loading=\"lazy\" decoding=\"async\" class=\"aligncenter size-full wp-image-14780\" src=\"http:\/\/granadablogs.com\/gr-arquitectos\/files\/2018\/01\/logo-COA-GRANADA.jpg\" alt=\"\" width=\"706\" height=\"708\" srcset=\"https:\/\/granadablogs.com\/gr-arquitectos\/files\/2018\/01\/logo-COA-GRANADA.jpg 706w, https:\/\/granadablogs.com\/gr-arquitectos\/files\/2018\/01\/logo-COA-GRANADA-150x150.jpg 150w, https:\/\/granadablogs.com\/gr-arquitectos\/files\/2018\/01\/logo-COA-GRANADA-300x300.jpg 300w, https:\/\/granadablogs.com\/gr-arquitectos\/files\/2018\/01\/logo-COA-GRANADA-644x646.jpg 644w\" sizes=\"auto, (max-width: 706px) 100vw, 706px\" \/><\/a><\/p>\n","protected":false},"excerpt":{"rendered":"<p>El Decano del Colegio de Arquitectos de Granada nos convoc\u00f3 a una docena de arquitectos y otros expertos en asuntos urban\u00edsticos para que hici\u00e9ramos aportes para mejorar el urbanismo andaluz. Y todos los asistentes coincidimos en felicitar al Decano cuando nos propuso que trabaj\u00e1semos por devolver la voz de los arquitectos a la sociedad, participando [&hellip;]<\/p>\n","protected":false},"author":38,"featured_media":0,"comment_status":"open","ping_status":"open","sticky":false,"template":"","format":"standard","meta":{"footnotes":""},"categories":[1577],"tags":[12156,840,879,1311,67920],"class_list":["post-14779","post","type-post","status-publish","format-standard","hentry","category-4-la-sociedad-comprometida","tag-colegio-de-arquitectos-de-granada","tag-gr-arquitectos","tag-juan-carlos-garcia-de-los-reyes","tag-la-ciudad-comprometida","tag-ley-urbanistica-sostenible-de-andalucia"],"_links":{"self":[{"href":"https:\/\/granadablogs.com\/gr-arquitectos\/wp-json\/wp\/v2\/posts\/14779","targetHints":{"allow":["GET"]}}],"collection":[{"href":"https:\/\/granadablogs.com\/gr-arquitectos\/wp-json\/wp\/v2\/posts"}],"about":[{"href":"https:\/\/granadablogs.com\/gr-arquitectos\/wp-json\/wp\/v2\/types\/post"}],"author":[{"embeddable":true,"href":"https:\/\/granadablogs.com\/gr-arquitectos\/wp-json\/wp\/v2\/users\/38"}],"replies":[{"embeddable":true,"href":"https:\/\/granadablogs.com\/gr-arquitectos\/wp-json\/wp\/v2\/comments?post=14779"}],"version-history":[{"count":1,"href":"https:\/\/granadablogs.com\/gr-arquitectos\/wp-json\/wp\/v2\/posts\/14779\/revisions"}],"predecessor-version":[{"id":14781,"href":"https:\/\/granadablogs.com\/gr-arquitectos\/wp-json\/wp\/v2\/posts\/14779\/revisions\/14781"}],"wp:attachment":[{"href":"https:\/\/granadablogs.com\/gr-arquitectos\/wp-json\/wp\/v2\/media?parent=14779"}],"wp:term":[{"taxonomy":"category","embeddable":true,"href":"https:\/\/granadablogs.com\/gr-arquitectos\/wp-json\/wp\/v2\/categories?post=14779"},{"taxonomy":"post_tag","embeddable":true,"href":"https:\/\/granadablogs.com\/gr-arquitectos\/wp-json\/wp\/v2\/tags?post=14779"}],"curies":[{"name":"wp","href":"https:\/\/api.w.org\/{rel}","templated":true}]}}