{"id":16305,"date":"2023-11-15T13:06:37","date_gmt":"2023-11-15T11:06:37","guid":{"rendered":"https:\/\/granadablogs.com\/gr-arquitectos\/?p=16305"},"modified":"2023-11-15T13:06:37","modified_gmt":"2023-11-15T11:06:37","slug":"16305","status":"publish","type":"post","link":"https:\/\/granadablogs.com\/gr-arquitectos\/2023\/11\/15\/16305\/","title":{"rendered":""},"content":{"rendered":"<p>\u00bfTe perece que fue un logro humilde? Puede ser, pero tambi\u00e9n constituy\u00f3 una hermosa lecci\u00f3n de vida: el amor por los detalles, el respeto de las tradiciones, el poder de la colaboraci\u00f3n\u2026<\/p>\n<p style=\"text-align: center\"><em>Pincha en la imagen para acceder al art\u00edculo completo<\/em><\/p>\n<p><a href=\"https:\/\/laciudadcomprometida.eu\/la-sociedad-comprometida\/5765-de-acequias-y-balates\" target=\"_blank\" rel=\"noopener\"><img loading=\"lazy\" decoding=\"async\" class=\"size-large wp-image-16306 aligncenter\" src=\"http:\/\/granadablogs.com\/gr-arquitectos\/files\/2023\/11\/a7bee8a78ec1c08f2d86fa26ffc30ce3_XL-644x644.jpg\" alt=\"\" width=\"644\" height=\"644\" srcset=\"https:\/\/granadablogs.com\/gr-arquitectos\/files\/2023\/11\/a7bee8a78ec1c08f2d86fa26ffc30ce3_XL-644x644.jpg 644w, https:\/\/granadablogs.com\/gr-arquitectos\/files\/2023\/11\/a7bee8a78ec1c08f2d86fa26ffc30ce3_XL-300x300.jpg 300w, https:\/\/granadablogs.com\/gr-arquitectos\/files\/2023\/11\/a7bee8a78ec1c08f2d86fa26ffc30ce3_XL-150x150.jpg 150w, https:\/\/granadablogs.com\/gr-arquitectos\/files\/2023\/11\/a7bee8a78ec1c08f2d86fa26ffc30ce3_XL-768x768.jpg 768w, https:\/\/granadablogs.com\/gr-arquitectos\/files\/2023\/11\/a7bee8a78ec1c08f2d86fa26ffc30ce3_XL.jpg 900w\" sizes=\"auto, (max-width: 644px) 100vw, 644px\" \/><\/a><\/p>\n","protected":false},"excerpt":{"rendered":"<p>\u00bfTe perece que fue un logro humilde? Puede ser, pero tambi\u00e9n constituy\u00f3 una hermosa lecci\u00f3n de vida: el amor por los detalles, el respeto de las tradiciones, el poder de la colaboraci\u00f3n\u2026 Pincha en la imagen para acceder al art\u00edculo completo<\/p>\n","protected":false},"author":38,"featured_media":0,"comment_status":"open","ping_status":"open","sticky":false,"template":"","format":"standard","meta":{"footnotes":""},"categories":[1577],"tags":[17,86,74092,74090,74091,26,879,1311,913],"class_list":["post-16305","post","type-post","status-publish","format-standard","hentry","category-4-la-sociedad-comprometida","tag-almeria","tag-alpujarra","tag-andarax","tag-benecid","tag-fondon","tag-granada","tag-juan-carlos-garcia-de-los-reyes","tag-la-ciudad-comprometida","tag-sierra-nevada"],"_links":{"self":[{"href":"https:\/\/granadablogs.com\/gr-arquitectos\/wp-json\/wp\/v2\/posts\/16305","targetHints":{"allow":["GET"]}}],"collection":[{"href":"https:\/\/granadablogs.com\/gr-arquitectos\/wp-json\/wp\/v2\/posts"}],"about":[{"href":"https:\/\/granadablogs.com\/gr-arquitectos\/wp-json\/wp\/v2\/types\/post"}],"author":[{"embeddable":true,"href":"https:\/\/granadablogs.com\/gr-arquitectos\/wp-json\/wp\/v2\/users\/38"}],"replies":[{"embeddable":true,"href":"https:\/\/granadablogs.com\/gr-arquitectos\/wp-json\/wp\/v2\/comments?post=16305"}],"version-history":[{"count":1,"href":"https:\/\/granadablogs.com\/gr-arquitectos\/wp-json\/wp\/v2\/posts\/16305\/revisions"}],"predecessor-version":[{"id":16307,"href":"https:\/\/granadablogs.com\/gr-arquitectos\/wp-json\/wp\/v2\/posts\/16305\/revisions\/16307"}],"wp:attachment":[{"href":"https:\/\/granadablogs.com\/gr-arquitectos\/wp-json\/wp\/v2\/media?parent=16305"}],"wp:term":[{"taxonomy":"category","embeddable":true,"href":"https:\/\/granadablogs.com\/gr-arquitectos\/wp-json\/wp\/v2\/categories?post=16305"},{"taxonomy":"post_tag","embeddable":true,"href":"https:\/\/granadablogs.com\/gr-arquitectos\/wp-json\/wp\/v2\/tags?post=16305"}],"curies":[{"name":"wp","href":"https:\/\/api.w.org\/{rel}","templated":true}]}}