{"id":16555,"date":"2025-12-19T10:52:18","date_gmt":"2025-12-19T08:52:18","guid":{"rendered":"https:\/\/granadablogs.com\/gr-arquitectos\/?p=16555"},"modified":"2025-12-19T10:52:18","modified_gmt":"2025-12-19T08:52:18","slug":"otra-ciudad-ejemplar-que-elige-mimar-su-patrimonio","status":"publish","type":"post","link":"https:\/\/granadablogs.com\/gr-arquitectos\/2025\/12\/19\/otra-ciudad-ejemplar-que-elige-mimar-su-patrimonio\/","title":{"rendered":"Otra ciudad ejemplar que elige mimar su patrimonio"},"content":{"rendered":"\n<p>Compatibilizar modernidad y desarrollo con la protecci\u00f3n del patrimonio hist\u00f3rico y cultural suele requerir de una sensibilidad especial y de un enorme compromiso colectivo. Quiz\u00e1s te interese conocer el enorme m\u00e9rito de esta ciudad\u2026<\/p>\n\n\n\n<p class=\"has-text-align-center\"><em>Pincha en la imagen para acceder al art\u00edculo completo<\/em><\/p>\n\n\n\n<figure class=\"wp-block-image aligncenter size-large\"><a href=\"https:\/\/laciudadcomprometida.eu\/la-ciudad-comprometida\/6162-otra-ciudad-ejemplar-al-elegir-mimar-su-patrimonio\" target=\"_blank\" rel=\" noreferrer noopener\"><img loading=\"lazy\" decoding=\"async\" width=\"644\" height=\"483\" src=\"https:\/\/granadablogs.com\/gr-arquitectos\/files\/2025\/12\/136489d8a88cc29f581d6ee12a4b9773_XL-644x483.jpg\" alt=\"\" class=\"wp-image-16556\" srcset=\"https:\/\/granadablogs.com\/gr-arquitectos\/files\/2025\/12\/136489d8a88cc29f581d6ee12a4b9773_XL-644x483.jpg 644w, https:\/\/granadablogs.com\/gr-arquitectos\/files\/2025\/12\/136489d8a88cc29f581d6ee12a4b9773_XL-300x225.jpg 300w, https:\/\/granadablogs.com\/gr-arquitectos\/files\/2025\/12\/136489d8a88cc29f581d6ee12a4b9773_XL-768x576.jpg 768w, https:\/\/granadablogs.com\/gr-arquitectos\/files\/2025\/12\/136489d8a88cc29f581d6ee12a4b9773_XL.jpg 900w\" sizes=\"auto, (max-width: 644px) 100vw, 644px\" \/><\/a><\/figure>\n","protected":false},"excerpt":{"rendered":"<p>Compatibilizar modernidad y desarrollo con la protecci\u00f3n del patrimonio hist\u00f3rico y cultural suele requerir de una sensibilidad especial y de un enorme compromiso colectivo. Quiz\u00e1s te interese conocer el enorme m\u00e9rito de esta ciudad\u2026 Pincha en la imagen para acceder al art\u00edculo completo<\/p>\n","protected":false},"author":38,"featured_media":0,"comment_status":"closed","ping_status":"","sticky":false,"template":"","format":"standard","meta":{"footnotes":""},"categories":[1567],"tags":[74200,74201,73194,879,73175,2436,73190,12042,73177],"class_list":["post-16555","post","type-post","status-publish","format-standard","hentry","category-2-la-ciudad-comprometida","tag-bic-ch","tag-bic-cha","tag-carm","tag-juan-carlos-garcia-de-los-reyes","tag-jumilla","tag-murcia","tag-pepcha","tag-plan-especial-de-proteccion","tag-region-de-murcia"],"_links":{"self":[{"href":"https:\/\/granadablogs.com\/gr-arquitectos\/wp-json\/wp\/v2\/posts\/16555","targetHints":{"allow":["GET"]}}],"collection":[{"href":"https:\/\/granadablogs.com\/gr-arquitectos\/wp-json\/wp\/v2\/posts"}],"about":[{"href":"https:\/\/granadablogs.com\/gr-arquitectos\/wp-json\/wp\/v2\/types\/post"}],"author":[{"embeddable":true,"href":"https:\/\/granadablogs.com\/gr-arquitectos\/wp-json\/wp\/v2\/users\/38"}],"replies":[{"embeddable":true,"href":"https:\/\/granadablogs.com\/gr-arquitectos\/wp-json\/wp\/v2\/comments?post=16555"}],"version-history":[{"count":1,"href":"https:\/\/granadablogs.com\/gr-arquitectos\/wp-json\/wp\/v2\/posts\/16555\/revisions"}],"predecessor-version":[{"id":16557,"href":"https:\/\/granadablogs.com\/gr-arquitectos\/wp-json\/wp\/v2\/posts\/16555\/revisions\/16557"}],"wp:attachment":[{"href":"https:\/\/granadablogs.com\/gr-arquitectos\/wp-json\/wp\/v2\/media?parent=16555"}],"wp:term":[{"taxonomy":"category","embeddable":true,"href":"https:\/\/granadablogs.com\/gr-arquitectos\/wp-json\/wp\/v2\/categories?post=16555"},{"taxonomy":"post_tag","embeddable":true,"href":"https:\/\/granadablogs.com\/gr-arquitectos\/wp-json\/wp\/v2\/tags?post=16555"}],"curies":[{"name":"wp","href":"https:\/\/api.w.org\/{rel}","templated":true}]}}