{"id":211,"date":"2009-07-16T10:24:33","date_gmt":"2009-07-16T08:24:33","guid":{"rendered":"http:\/\/granadablogs.com\/gr-arquitectos\/?p=211"},"modified":"2011-09-12T01:26:14","modified_gmt":"2011-09-11T23:26:14","slug":"donde-la-cubierta-toma-protagonismo","status":"publish","type":"post","link":"https:\/\/granadablogs.com\/gr-arquitectos\/2009\/07\/16\/donde-la-cubierta-toma-protagonismo\/","title":{"rendered":"Donde la cubierta toma protagonismo"},"content":{"rendered":"<h4>\u00abLa Arquitectura Comprometida\u00bb<\/h4>\n<h5><em><span style=\"color: #999999\">Por Daniel R. G\u00f3mez Gonz\u00e1lez. Arquitecto<\/span><\/em><\/h5>\n<figure id=\"attachment_212\" aria-describedby=\"caption-attachment-212\" style=\"width: 300px\" class=\"wp-caption alignright\"><a href=\"http:\/\/granadablogs.com\/gr-arquitectos\/files\/2009\/07\/alpujarras_capilerilla.jpg\"><img loading=\"lazy\" decoding=\"async\" class=\"size-medium wp-image-212\" src=\"http:\/\/granadablogs.com\/gr-arquitectos\/files\/2009\/07\/alpujarras_capilerilla-300x231.jpg\" alt=\"Capileira. Alpujarra granadina.\/ Dani G\u00f3mez\" width=\"300\" height=\"231\" \/><\/a><figcaption id=\"caption-attachment-212\" class=\"wp-caption-text\">Capileirilla. Alpujarra granadina.\/ Dani G\u00f3mez<\/figcaption><\/figure>\n<p style=\"text-align: justify\">En contadas ocasiones una soluci\u00f3n\u00a0 constructiva para la \u201cquinta fachada\u201d de nuestras arquitecturas ha sabido conjugar el valor est\u00e9tico y el funcional como hacen los terraos. Su lenguaje sencillo junto con la complejidad de las tramas urbanas que encontramos en los n\u00facleos de la Alpujarra define un paisaje \u00fanico de cualidades excepcionales.<\/p>\n<p style=\"text-align: justify\"><!--more-->Valores como el contraste crom\u00e1tico que introduce con la cal de las fachadas, chimeneas y el verde de la naturaleza del entorno; como el juego de formas, vol\u00famenes con tinaos y chimeneas configuran la esencia del paisaje alpujarre\u00f1o.<\/p>\n<p style=\"text-align: justify\">Son estas soluciones, elementos, gestos sencillos de clara l\u00f3gica inherente a su ubicaci\u00f3n e interrelaci\u00f3n con la naturaleza circundante lo que convierte en \u00fanicos a parajes de este tipo.<\/p>\n<p style=\"text-align: justify\">Tenemos la suerte de contar con excepcionales ejemplos conocidos por visitantes de todo el mundo en nuestra comunidad aut\u00f3noma, como pueden ser los Pueblos Blancos en la Sierra de C\u00e1diz, cuya singularidad radica m\u00e1s en sus relaciones con el emplazamiento, la topograf\u00eda, la naturaleza que en aportar soluciones constructivas \u00fanicas\u2026<\/p>\n<figure id=\"attachment_213\" aria-describedby=\"caption-attachment-213\" style=\"width: 500px\" class=\"wp-caption aligncenter\"><a href=\"http:\/\/granadablogs.com\/gr-arquitectos\/files\/2009\/07\/pueblos-blancos_sierra-de-cadiz_benaocaz.jpg\"><img loading=\"lazy\" decoding=\"async\" class=\"size-full wp-image-213\" src=\"http:\/\/granadablogs.com\/gr-arquitectos\/files\/2009\/07\/pueblos-blancos_sierra-de-cadiz_benaocaz.jpg\" alt=\"Benaocaz. Pueblos blancos de la Sierra de C\u00e1diz.\/ Dani G\u00f3mez\" width=\"500\" height=\"256\" \/><\/a><figcaption id=\"caption-attachment-213\" class=\"wp-caption-text\">Benaocaz. Pueblos blancos de la Sierra de C\u00e1diz.\/ Dani G\u00f3mez<\/figcaption><\/figure>\n<p style=\"text-align: justify\">\u00a0<\/p>\n","protected":false},"excerpt":{"rendered":"<p>\u00abLa Arquitectura Comprometida\u00bb Por Daniel R. G\u00f3mez Gonz\u00e1lez. Arquitecto En contadas ocasiones una soluci\u00f3n\u00a0 constructiva para la \u201cquinta fachada\u201d de nuestras arquitecturas ha sabido conjugar el valor est\u00e9tico y el funcional como hacen los terraos. Su lenguaje sencillo junto con la complejidad de las tramas urbanas que encontramos en los n\u00facleos de la Alpujarra define [&hellip;]<\/p>\n","protected":false},"author":38,"featured_media":0,"comment_status":"open","ping_status":"open","sticky":false,"template":"","format":"standard","meta":{"footnotes":""},"categories":[11336],"tags":[86,845,835,916,919,920,857,841,921,918,860,908,922,904],"class_list":["post-211","post","type-post","status-publish","format-standard","hentry","category-01-la-arquitectura-comprometida","tag-alpujarra","tag-arquitecto","tag-arquitectura","tag-comprometido","tag-estetico","tag-funcional","tag-gr","tag-paisaje","tag-pueblos-blancos","tag-solucion","tag-sostenible","tag-terraos","tag-topografia","tag-urbana"],"_links":{"self":[{"href":"https:\/\/granadablogs.com\/gr-arquitectos\/wp-json\/wp\/v2\/posts\/211","targetHints":{"allow":["GET"]}}],"collection":[{"href":"https:\/\/granadablogs.com\/gr-arquitectos\/wp-json\/wp\/v2\/posts"}],"about":[{"href":"https:\/\/granadablogs.com\/gr-arquitectos\/wp-json\/wp\/v2\/types\/post"}],"author":[{"embeddable":true,"href":"https:\/\/granadablogs.com\/gr-arquitectos\/wp-json\/wp\/v2\/users\/38"}],"replies":[{"embeddable":true,"href":"https:\/\/granadablogs.com\/gr-arquitectos\/wp-json\/wp\/v2\/comments?post=211"}],"version-history":[{"count":7,"href":"https:\/\/granadablogs.com\/gr-arquitectos\/wp-json\/wp\/v2\/posts\/211\/revisions"}],"predecessor-version":[{"id":7498,"href":"https:\/\/granadablogs.com\/gr-arquitectos\/wp-json\/wp\/v2\/posts\/211\/revisions\/7498"}],"wp:attachment":[{"href":"https:\/\/granadablogs.com\/gr-arquitectos\/wp-json\/wp\/v2\/media?parent=211"}],"wp:term":[{"taxonomy":"category","embeddable":true,"href":"https:\/\/granadablogs.com\/gr-arquitectos\/wp-json\/wp\/v2\/categories?post=211"},{"taxonomy":"post_tag","embeddable":true,"href":"https:\/\/granadablogs.com\/gr-arquitectos\/wp-json\/wp\/v2\/tags?post=211"}],"curies":[{"name":"wp","href":"https:\/\/api.w.org\/{rel}","templated":true}]}}