{"id":396,"date":"2009-08-02T20:45:48","date_gmt":"2009-08-02T18:45:48","guid":{"rendered":"http:\/\/granadablogs.com\/gr-arquitectos\/?p=396"},"modified":"2011-09-12T01:18:22","modified_gmt":"2011-09-11T23:18:22","slug":"hitos-urbanos","status":"publish","type":"post","link":"https:\/\/granadablogs.com\/gr-arquitectos\/2009\/08\/02\/hitos-urbanos\/","title":{"rendered":"Hitos urbanos"},"content":{"rendered":"<h4 style=\"text-align: justify\">\u201cLa arquitectura comprometida\u201d\u00a0\u00a0\u00a0<\/h4>\n<p style=\"text-align: justify\">La homog\u00e9nea trama urbana de los pueblos de la Alpujarra, en la que el tejido residencial se convierte en el componente esencial de la misma, se ve cualificada puntualmente por elementos singulares que destacan por su escala o uso convirti\u00e9ndose en verdaderos hitos urbanos.<!--more--><\/p>\n<p style=\"text-align: justify\">Casas nobiliarias, ayuntamientos, fuentes, lavaderos, y sobre todo las Iglesias parroquiales act\u00faan como focos de atenci\u00f3n que concentran la actividad urbana, ubic\u00e1ndose junto a los mismos normalmente espacios urbanos de mayor entidad.<\/p>\n<p style=\"text-align: justify\">Aunque algunos de estos elementos est\u00e1n en desuso poseen un indudable valor hist\u00f3rico, arquitect\u00f3nico, etnol\u00f3gico o ambiental, que hace necesaria su protecci\u00f3n.<\/p>\n<figure id=\"attachment_413\" aria-describedby=\"caption-attachment-413\" style=\"width: 427px\" class=\"wp-caption aligncenter\"><a href=\"http:\/\/granadablogs.com\/gr-arquitectos\/files\/2009\/08\/torre_del_reloj_en_albodoluy_almeria1.jpg\"><img loading=\"lazy\" decoding=\"async\" class=\"size-full wp-image-413\" src=\"http:\/\/granadablogs.com\/gr-arquitectos\/files\/2009\/08\/torre_del_reloj_en_albodoluy_almeria1.jpg\" alt=\"Torre del Reloj en Albodoluy de Almeria.\/ Archivo GR\" width=\"427\" height=\"640\" \/><\/a><figcaption id=\"caption-attachment-413\" class=\"wp-caption-text\">Torre del Reloj en Albodoluy de Almeria.\/ Javier Callejas (Archivo GR)<\/figcaption><\/figure>\n<p style=\"text-align: justify\"><a href=\"http:\/\/granadablogs.com\/gr-arquitectos\/files\/2009\/08\/torre_del_reloj_en_albodoluy_almeria.jpg\"><\/a><\/p>\n","protected":false},"excerpt":{"rendered":"<p>\u201cLa arquitectura comprometida\u201d\u00a0\u00a0\u00a0 La homog\u00e9nea trama urbana de los pueblos de la Alpujarra, en la que el tejido residencial se convierte en el componente esencial de la misma, se ve cualificada puntualmente por elementos singulares que destacan por su escala o uso convirti\u00e9ndose en verdaderos hitos urbanos.<\/p>\n","protected":false},"author":38,"featured_media":0,"comment_status":"open","ping_status":"open","sticky":false,"template":"","format":"standard","meta":{"footnotes":""},"categories":[11336],"tags":[1059,86,905,1060,840,1061,1057,1056,1058,72,860,1055,904,1062,836],"class_list":["post-396","post","type-post","status-publish","format-standard","hentry","category-01-la-arquitectura-comprometida","tag-actividad","tag-alpujarra","tag-arquitectonico","tag-casas","tag-gr-arquitectos","tag-historico","tag-hitos","tag-homogenea","tag-iglesias","tag-pueblos","tag-sostenible","tag-trama","tag-urbana","tag-urbanas","tag-urbanismo"],"_links":{"self":[{"href":"https:\/\/granadablogs.com\/gr-arquitectos\/wp-json\/wp\/v2\/posts\/396","targetHints":{"allow":["GET"]}}],"collection":[{"href":"https:\/\/granadablogs.com\/gr-arquitectos\/wp-json\/wp\/v2\/posts"}],"about":[{"href":"https:\/\/granadablogs.com\/gr-arquitectos\/wp-json\/wp\/v2\/types\/post"}],"author":[{"embeddable":true,"href":"https:\/\/granadablogs.com\/gr-arquitectos\/wp-json\/wp\/v2\/users\/38"}],"replies":[{"embeddable":true,"href":"https:\/\/granadablogs.com\/gr-arquitectos\/wp-json\/wp\/v2\/comments?post=396"}],"version-history":[{"count":18,"href":"https:\/\/granadablogs.com\/gr-arquitectos\/wp-json\/wp\/v2\/posts\/396\/revisions"}],"predecessor-version":[{"id":7483,"href":"https:\/\/granadablogs.com\/gr-arquitectos\/wp-json\/wp\/v2\/posts\/396\/revisions\/7483"}],"wp:attachment":[{"href":"https:\/\/granadablogs.com\/gr-arquitectos\/wp-json\/wp\/v2\/media?parent=396"}],"wp:term":[{"taxonomy":"category","embeddable":true,"href":"https:\/\/granadablogs.com\/gr-arquitectos\/wp-json\/wp\/v2\/categories?post=396"},{"taxonomy":"post_tag","embeddable":true,"href":"https:\/\/granadablogs.com\/gr-arquitectos\/wp-json\/wp\/v2\/tags?post=396"}],"curies":[{"name":"wp","href":"https:\/\/api.w.org\/{rel}","templated":true}]}}