{"id":4463,"date":"2010-09-21T11:27:39","date_gmt":"2010-09-21T09:27:39","guid":{"rendered":"http:\/\/granadablogs.com\/gr-arquitectos\/?p=4463"},"modified":"2010-09-23T21:40:50","modified_gmt":"2010-09-23T19:40:50","slug":"amigo-labordeta","status":"publish","type":"post","link":"https:\/\/granadablogs.com\/gr-arquitectos\/2010\/09\/21\/amigo-labordeta\/","title":{"rendered":"AMIGO LABORDETA"},"content":{"rendered":"<h4><span style=\"color: #333333\">\u00abCiudadanos Comprometidos\u00bb<\/span><\/h4>\n<figure id=\"attachment_4466\" aria-describedby=\"caption-attachment-4466\" style=\"width: 448px\" class=\"wp-caption aligncenter\"><a href=\"http:\/\/granadablogs.com\/gr-arquitectos\/files\/2010\/09\/labordeta1.jpg\"><img loading=\"lazy\" decoding=\"async\" class=\"size-full wp-image-4466\" title=\"Jos\u00e9 Antonio Labordeta.\" src=\"http:\/\/granadablogs.com\/gr-arquitectos\/files\/2010\/09\/labordeta1.jpg\" alt=\"Jos\u00e9 Antonio Labordeta.\" width=\"448\" height=\"294\" srcset=\"https:\/\/granadablogs.com\/gr-arquitectos\/files\/2010\/09\/labordeta1.jpg 448w, https:\/\/granadablogs.com\/gr-arquitectos\/files\/2010\/09\/labordeta1-300x196.jpg 300w\" sizes=\"auto, (max-width: 448px) 100vw, 448px\" \/><\/a><figcaption id=\"caption-attachment-4466\" class=\"wp-caption-text\">Jos\u00e9 Antonio Labordeta.<\/figcaption><\/figure>\n<p>\u00a0<strong><em>&#8216;La Ciudad Comprometida&#8217;<\/em><\/strong>, <strong>GR<\/strong><em>arquitectos<\/em> y el arquitecto y urbanista<strong> Juan Carlos Garc\u00eda de los Reyes<\/strong> se suman a la tristeza generalizada por la p\u00e9rdida de una gran persona comprometida con la sociedad como fue <strong>Jos\u00e9 Antonio Labordeta<\/strong>.\u00a0Su muerte no ha dejado impasible a nadie.\u00a0<!--more--><\/p>\n<p style=\"text-align: justify\">Entre los miles de mensajes llegados a la capilla ardiente del poeta, cantautor, escritor, periodista, pol\u00edtico&#8230;, destacamos las siguientes:\u00a0<\/p>\n<ul>\n<li>\n<div style=\"text-align: justify\">El <strong>Rey Juan Carlos<\/strong> expres\u00f3 su dolor\u00a0afirmando que<em>\u00a0\u00abera un gran amigo, un gran aragon\u00e9s y gran patriota, siento much\u00edsimo su muerte\u00bb<\/em>.<\/div>\n<\/li>\n<li>\n<div style=\"text-align: justify\"><strong>Serrat <\/strong>declar\u00f3 sentirse agradecido a la vida por haberle proporcionado la posibilidad de haber conocido a Labordeta y <em>\u00abhaber discurrido con \u00e9l\u00bb <\/em>un trecho largo de sus vidas. Para Serrat el de ayer fue un d\u00eda de honda tristeza: <em>\u00abEl deseo de encontrar un mundo mejor, m\u00e1s libre, m\u00e1s justo, m\u00e1s respetuoso con el pr\u00f3jimo y m\u00e1s sabio nos ha unido en el tiempo y en el trecho que tenemos que caminar\u00bb<\/em>.<\/div>\n<\/li>\n<li>\n<div style=\"text-align: justify\">El presidente del<strong> PP<\/strong>, <strong>Mariano Rajoy<\/strong>, ha transmitido sus condolencias a\u00a0su familia y\u00a0ha destacado su <em>\u00abcompromiso pol\u00edtico con Arag\u00f3n y su polifac\u00e9tica expresi\u00f3n cultural\u00bb<\/em>.<\/div>\n<\/li>\n<li>\n<div style=\"text-align: justify\">El <strong>PSOE <\/strong>ha lamentado el fallecimiento de Jos\u00e9 Antonio Labordeta y ha destacado que con \u00e9l se va un ciudadano <em>\u00abcomprometido con todas las causas justas\u00bb<\/em> y que adem\u00e1s <em>\u00abha dejado su huella en la historia reciente\u00bb<\/em> como artista y pol\u00edtico. <em>\u00abHoy perdemos a un hombre bueno en el que las palabras igualdad y justicia hac\u00edan despertar las conciencias\u00bb<\/em>, ha expresado el responsable de cultura de la Ejecutiva Federal del <strong>PSOE<\/strong>, <strong>Jos\u00e9 Andr\u00e9s Torres Mora<\/strong>.<\/div>\n<\/li>\n<li>\n<div style=\"text-align: justify\">El tambi\u00e9n cantautor <strong>V\u00edctor Manuel<\/strong> describe a un hombre al que <em>\u00abes imposible no quererle\u00bb<\/em>. Labordeta era para \u00e9l un hombre<em> \u00ab\u00edntegro, leal y \u00fanico en la manera de escribir\u00bb<\/em>. Su manera de cantar marc\u00f3 a toda una generaci\u00f3n.<\/div>\n<\/li>\n<li>\n<div style=\"text-align: justify\">En el programa <em>&#8216;A vivir que son dos d\u00edas&#8217;<\/em> <strong>Gabilondo <\/strong>ha subrayado que el tambi\u00e9n profesor aragon\u00e9s estaba <em>\u00ablleno de vida\u00bb. \u00abEl problema es que ten\u00eda una sensibilidad sin sensibler\u00eda, era el anti\u00f1o\u00f1o, un hombre lleno de frescura, de valores y de compromiso\u00bb<\/em>, ha recalcado.\u00a0<\/div>\n<\/li>\n<\/ul>\n<p style=\"text-align: justify\">\n<p style=\"text-align: justify\">\n<p style=\"text-align: justify\">\n<p style=\"text-align: justify\">\n<figure id=\"attachment_4469\" aria-describedby=\"caption-attachment-4469\" style=\"width: 445px\" class=\"wp-caption aligncenter\"><a href=\"http:\/\/granadablogs.com\/gr-arquitectos\/files\/2010\/09\/labordeta3.jpg\"><img loading=\"lazy\" decoding=\"async\" class=\"size-full wp-image-4469\" title=\"Labordeta en su faceta como pol\u00edtico.\" src=\"http:\/\/granadablogs.com\/gr-arquitectos\/files\/2010\/09\/labordeta3.jpg\" alt=\"Labordeta en su faceta como pol\u00edtico.\" width=\"445\" height=\"248\" srcset=\"https:\/\/granadablogs.com\/gr-arquitectos\/files\/2010\/09\/labordeta3.jpg 445w, https:\/\/granadablogs.com\/gr-arquitectos\/files\/2010\/09\/labordeta3-300x167.jpg 300w\" sizes=\"auto, (max-width: 445px) 100vw, 445px\" \/><\/a><figcaption id=\"caption-attachment-4469\" class=\"wp-caption-text\">Labordeta en su faceta como pol\u00edtico.<\/figcaption><\/figure>\n<p style=\"text-align: justify\">A continuaci\u00f3n reproducimos el art\u00edculo de <strong>Juli\u00e1n Casanova<\/strong>\u00a0publicado en la secci\u00f3n <em>Obituario<\/em> de <a title=\"El Pa\u00eds\" href=\"http:\/\/www.elpais.es\" target=\"_blank\">El Pa\u00eds<\/a> el pasado d\u00eda 19 de septiembre de 2010.\u00a0\u00a0<\/p>\n<p style=\"text-align: justify\"><em>En los \u00faltimos a\u00f1os, Jos\u00e9 Antonio Labordeta y yo compartimos opiniones, conversaciones y debates en la radio. Habl\u00e1bamos del Partido Popular, de Obama, de la crisis, de la corrupci\u00f3n o de los libros y canciones que nos gustaban. Labordeta hac\u00eda y dec\u00eda tantas cosas que resultaba dif\u00edcil de clasificar. Para la gente que nos escuchaba, Jos\u00e9 Antonio Labordeta era pol\u00edtico, cantautor, escritor, el hombre de la mochila, el hombre justo, el abuelo, el que mand\u00f3 a la mierda a los se\u00f1ores diputados de la derecha que no le dejaban hablar.<\/em>\u00a0<\/p>\n<p style=\"text-align: justify\"><em>Labordeta era de ese clase de gente que cre\u00eda que el futuro ser\u00eda mejor que el presente. A las personas que creen eso se les llama ut\u00f3picas, pero en realidad lo que hacen es atacar la hipocres\u00eda, la estupidez y expresar la insatisfacci\u00f3n frente al privilegio.<\/em>\u00a0<\/p>\n<p style=\"text-align: justify\"><em>Labordeta usaba la vida cotidiana, los problemas de la gente que pasa por la calle, para iluminar el debate pol\u00edtico. Frente a quienes creen que los hombres y mujeres estamos sujetos a poderes tan grandes que es mejor no tocarlos, Jos\u00e9 Antonio apelaba a la dignidad, la nuestra, la de los humanos, para saber d\u00f3nde comienza lo intolerable. Como naci\u00f3 en una Rep\u00fablica y creci\u00f3 en la Espa\u00f1a de Franco, nunca le gustaron esos cerdos de Rebeli\u00f3n en la granja de George Orwell, escrita, recordemos, en 1945, que creaban una dictadura sobre los otros animales, mucho peor que lo que hab\u00edan conocido.<\/em>\u00a0<\/p>\n<p style=\"text-align: justify\"><em>Todos quer\u00edamos conservar a Labordeta. Los humanos se pasaron el siglo XX buscando en algo en que creer. Y algunos se lo tomaron tan en serio que mataron en nombre de cosas tan abstractas como la religi\u00f3n, la ideolog\u00eda, la patria o el rey. Si hablabas unos minutos con Labordeta, te dabas cuenta que tampoco era para tanto. Necesitamos gente que piense y sienta. Ojal\u00e1 pudiera seguir hablando con \u00e9l en la radio. Hasta siempre, Jos\u00e9 Antonio.<\/em><\/p>\n","protected":false},"excerpt":{"rendered":"<p>\u00abCiudadanos Comprometidos\u00bb \u00a0&#8216;La Ciudad Comprometida&#8217;, GRarquitectos y el arquitecto y urbanista Juan Carlos Garc\u00eda de los Reyes se suman a la tristeza generalizada por la p\u00e9rdida de una gran persona comprometida con la sociedad como fue Jos\u00e9 Antonio Labordeta.\u00a0Su muerte no ha dejado impasible a nadie.\u00a0<\/p>\n","protected":false},"author":38,"featured_media":0,"comment_status":"open","ping_status":"open","sticky":false,"template":"","format":"standard","meta":{"footnotes":""},"categories":[9561],"tags":[3208,1472,3205,2945,1534,1535,3207,2692,3206],"class_list":["post-4463","post","type-post","status-publish","format-standard","hentry","category-5-ciudadanos-comprometidos","tag-condolencias","tag-juan-carlos","tag-labordeta","tag-obituario","tag-pp","tag-psoe","tag-rajoy","tag-rey","tag-serrat"],"_links":{"self":[{"href":"https:\/\/granadablogs.com\/gr-arquitectos\/wp-json\/wp\/v2\/posts\/4463","targetHints":{"allow":["GET"]}}],"collection":[{"href":"https:\/\/granadablogs.com\/gr-arquitectos\/wp-json\/wp\/v2\/posts"}],"about":[{"href":"https:\/\/granadablogs.com\/gr-arquitectos\/wp-json\/wp\/v2\/types\/post"}],"author":[{"embeddable":true,"href":"https:\/\/granadablogs.com\/gr-arquitectos\/wp-json\/wp\/v2\/users\/38"}],"replies":[{"embeddable":true,"href":"https:\/\/granadablogs.com\/gr-arquitectos\/wp-json\/wp\/v2\/comments?post=4463"}],"version-history":[{"count":8,"href":"https:\/\/granadablogs.com\/gr-arquitectos\/wp-json\/wp\/v2\/posts\/4463\/revisions"}],"predecessor-version":[{"id":4465,"href":"https:\/\/granadablogs.com\/gr-arquitectos\/wp-json\/wp\/v2\/posts\/4463\/revisions\/4465"}],"wp:attachment":[{"href":"https:\/\/granadablogs.com\/gr-arquitectos\/wp-json\/wp\/v2\/media?parent=4463"}],"wp:term":[{"taxonomy":"category","embeddable":true,"href":"https:\/\/granadablogs.com\/gr-arquitectos\/wp-json\/wp\/v2\/categories?post=4463"},{"taxonomy":"post_tag","embeddable":true,"href":"https:\/\/granadablogs.com\/gr-arquitectos\/wp-json\/wp\/v2\/tags?post=4463"}],"curies":[{"name":"wp","href":"https:\/\/api.w.org\/{rel}","templated":true}]}}