{"id":4828,"date":"2010-11-17T12:33:51","date_gmt":"2010-11-17T10:33:51","guid":{"rendered":"http:\/\/granadablogs.com\/gr-arquitectos\/?p=4828"},"modified":"2010-11-22T13:58:35","modified_gmt":"2010-11-22T11:58:35","slug":"la-metropoli-de-lima-adopta-a-la-ciudad-comprometida","status":"publish","type":"post","link":"https:\/\/granadablogs.com\/gr-arquitectos\/2010\/11\/17\/la-metropoli-de-lima-adopta-a-la-ciudad-comprometida\/","title":{"rendered":"LA METR\u00d3POLI DE LIMA ADOPTA A LA CIUDAD COMPROMETIDA"},"content":{"rendered":"<h4 style=\"text-align: justify\"><span style=\"color: #333333\">\u00abLa Ciudad Comprometida\u00bb + \u00abEl Territorio Comprometido\u00bb + \u00abNoticias y Actualidad\u00bb<\/span><\/h4>\n<figure id=\"attachment_4831\" aria-describedby=\"caption-attachment-4831\" style=\"width: 448px\" class=\"wp-caption aligncenter\"><a href=\"http:\/\/granadablogs.com\/gr-arquitectos\/files\/2010\/11\/jc-01.jpg\"><img loading=\"lazy\" decoding=\"async\" class=\"size-full wp-image-4831\" src=\"http:\/\/granadablogs.com\/gr-arquitectos\/files\/2010\/11\/jc-01.jpg\" alt=\"Juan Carlos Garc\u00eda de los Reyes en el Foro Internacional.\" width=\"448\" height=\"335\" srcset=\"https:\/\/granadablogs.com\/gr-arquitectos\/files\/2010\/11\/jc-01.jpg 448w, https:\/\/granadablogs.com\/gr-arquitectos\/files\/2010\/11\/jc-01-300x224.jpg 300w\" sizes=\"auto, (max-width: 448px) 100vw, 448px\" \/><\/a><figcaption id=\"caption-attachment-4831\" class=\"wp-caption-text\">Juan Carlos Garc\u00eda de los Reyes en el Colegio de Arquitectos de Per\u00fa.<\/figcaption><\/figure>\n<p style=\"text-align: justify\">Concluy\u00f3 el Foro Internacional de Lima, en el que 13 expertos internacionales convocados por el Colegio de Arquitectos del Per\u00fa (Regional Lima) han dirigido un amplio debate con los t\u00e9cnicos y pol\u00edticos nacionales sobre LA GESTI\u00d3N DE LAS \u00c1REAS METROPLITANAS, necesidad acuciante dado que las ciudades actuales menoscaban la calidad de vida de un alt\u00edsimo porcentaje de sus pobladores, ya que se calcula que m\u00e1s de mil millones de personas habitan en tugurios urbano\u201d.<!--more--><\/p>\n<p style=\"text-align: justify\">El ilustre y muy conocido profesor <strong>Rod Burguess<\/strong>, de la Universidad de Oxford, habl\u00f3 de la necesidad de construir <strong>ciudades compactas<\/strong> y de los peligros de la<strong> fragmentaci\u00f3n urbana<\/strong>.<\/p>\n<p style=\"text-align: justify\"><strong>Carlos de Mattos<\/strong>, reconocid\u00edsimo profesor uruguayo de la Universidad de Chile, realiz\u00f3 una extraordinaria disertaci\u00f3n sobre las causas que han generado la gran metamorfosis urbana actual, sobretodo en Latinoam\u00e9rica, recogida en el Informe Habitat 3003: <em>\u201c\u2026 en lugar de ser un foco de prosperidad, las ciudades se han trasformado en una tierra inundada por un excedente de poblaci\u00f3n trabajando en servicios industriales y comerciales no calificados, desprotegidos y de bajos salarios\u2026\u201d.<\/em>\u00a0 Y record\u00f3 que es fundamental <strong>reforzar las pol\u00edticas p\u00fablicas de ordenaci\u00f3n territorial<\/strong> ya que de lo contrario se acentuar\u00e1n los perversos rasgos de la metamorfosis urbana: la formaci\u00f3n de ciudades-regi\u00f3n cada vez m\u00e1s complejas; y la multiplicaci\u00f3n de las grandes desigualdades para grandes sectores de la poblaci\u00f3n.<\/p>\n<figure id=\"attachment_4832\" aria-describedby=\"caption-attachment-4832\" style=\"width: 335px\" class=\"wp-caption aligncenter\"><a href=\"http:\/\/granadablogs.com\/gr-arquitectos\/files\/2010\/11\/jc-02.jpg\"><img loading=\"lazy\" decoding=\"async\" class=\"size-full wp-image-4832\" src=\"http:\/\/granadablogs.com\/gr-arquitectos\/files\/2010\/11\/jc-02.jpg\" alt=\"Foto de familia a la entrada del Foro Internacional.\" width=\"335\" height=\"448\" srcset=\"https:\/\/granadablogs.com\/gr-arquitectos\/files\/2010\/11\/jc-02.jpg 335w, https:\/\/granadablogs.com\/gr-arquitectos\/files\/2010\/11\/jc-02-224x300.jpg 224w\" sizes=\"auto, (max-width: 335px) 100vw, 335px\" \/><\/a><figcaption id=\"caption-attachment-4832\" class=\"wp-caption-text\">Foto de familia a la entrada del Colegio de Arquitectos de Per\u00fa.<\/figcaption><\/figure>\n<p style=\"text-align: justify\">El representante del gobierno brasile\u00f1o <strong>Cid Blanco Jr.<\/strong> describi\u00f3 los \u00e9xitos cosechados por el Ministerio de las Ciudades de su pa\u00eds en la erradicaci\u00f3n de las favelas y de la exclusi\u00f3n social de sus moradores, a trav\u00e9s de diferentes programas de vivienda que han permitido la construcci\u00f3n de un mill\u00f3n de viviendas sociales: <strong>\u201cMinha Casa, Minha Vida\u201d<\/strong>.<\/p>\n<p style=\"text-align: justify\">El profesor espa\u00f1ol <strong>Domingo G\u00f3mez Orea<\/strong>, verdadero referente internacional en las pol\u00edticas de Ordenaci\u00f3n del Territorio, expuso la necesidad de que <strong>las ciudades establezcan una colaboraci\u00f3n activa y respetuosa con su entorno rural<\/strong>.<\/p>\n<figure id=\"attachment_4837\" aria-describedby=\"caption-attachment-4837\" style=\"width: 448px\" class=\"wp-caption aligncenter\"><a href=\"http:\/\/granadablogs.com\/gr-arquitectos\/files\/2010\/11\/jc-04.jpg\"><img loading=\"lazy\" decoding=\"async\" class=\"size-full wp-image-4837\" src=\"http:\/\/granadablogs.com\/gr-arquitectos\/files\/2010\/11\/jc-04.jpg\" alt=\"El Dr. Rualdo Menegat durante su intervenci\u00f3n.\" width=\"448\" height=\"335\" srcset=\"https:\/\/granadablogs.com\/gr-arquitectos\/files\/2010\/11\/jc-04.jpg 448w, https:\/\/granadablogs.com\/gr-arquitectos\/files\/2010\/11\/jc-04-300x224.jpg 300w\" sizes=\"auto, (max-width: 448px) 100vw, 448px\" \/><\/a><figcaption id=\"caption-attachment-4837\" class=\"wp-caption-text\">El Dr. Rualdo Menegat durante su intervenci\u00f3n.<\/figcaption><\/figure>\n<p style=\"text-align: justify\">El profesor brasile\u00f1o <strong>Rualdo Menegat<\/strong>, verdadera autoridad en la evaluaci\u00f3n ambiental de las metr\u00f3polis (y cuyo <em>Atlas Ambiental de Porto Alegre<\/em>, ha constituido todo un referente para la mayor parte de las ciudades Latinoamericanas, cuya experiencia ya ha sido extrapolada a cincuenta de ellas), realiz\u00f3 una memorable ponencia sobre<strong> los disturbios ambientales que est\u00e1 provocando el gigantismo urbano<\/strong>, un verdadero cambio de escala que debemos asumir, afrontar con responsabilidad y aprender a gestionar, porque los impactos ambientales y sociales est\u00e1n siendo absolutamente demoledores.<\/p>\n<p style=\"text-align: justify\">La Doctora Francesa\/Peruana <strong>Laure Aguilar Velarde<\/strong> expuso un proyecto urbano exitoso: EQUAL, llevado a cabo por la ciudad francesa de Saint Dennis, que le ha permitido recibir en 2004 la condecoraci\u00f3n de <strong>Ciudad Sostenible<\/strong>.<\/p>\n<p style=\"text-align: justify\">Los especialistas en transporte y movilidad sostenible <strong>Juan Tapia<\/strong> y <strong>Walter Aguirre<\/strong>, ambos de Per\u00fa, y <strong>Cesar Arias<\/strong>, de Ecuador, realizaron sendas exposiciones respecto de cu\u00e1les son <strong>los verdaderos retos de una movilidad urbana sostenible<\/strong>, a partir de las experiencias que ellos han dirigido en Lima, Arequipa y Guayaquil.<\/p>\n<p style=\"text-align: justify\">El especialista local <strong>Carlos Chinen<\/strong> a partir de las experiencias de Lima, expuso c\u00f3mo<strong> los grandes centros comerciales est\u00e1n transformando las ciudades<\/strong>, sus claves, sus valores y tambi\u00e9n sus perturbaciones.<\/p>\n<figure id=\"attachment_4838\" aria-describedby=\"caption-attachment-4838\" style=\"width: 448px\" class=\"wp-caption aligncenter\"><a href=\"http:\/\/granadablogs.com\/gr-arquitectos\/files\/2010\/11\/jc-03.jpg\"><img loading=\"lazy\" decoding=\"async\" class=\"size-full wp-image-4838\" src=\"http:\/\/granadablogs.com\/gr-arquitectos\/files\/2010\/11\/jc-03.jpg\" alt=\"Mar\u00eda Cristina Rojas Eberhard durante su intervenci\u00f3n\" width=\"448\" height=\"335\" srcset=\"https:\/\/granadablogs.com\/gr-arquitectos\/files\/2010\/11\/jc-03.jpg 448w, https:\/\/granadablogs.com\/gr-arquitectos\/files\/2010\/11\/jc-03-300x224.jpg 300w\" sizes=\"auto, (max-width: 448px) 100vw, 448px\" \/><\/a><figcaption id=\"caption-attachment-4838\" class=\"wp-caption-text\">Mar\u00eda Cristina Rojas Eberhard durante su intervenci\u00f3n<\/figcaption><\/figure>\n<p style=\"text-align: justify\">La arquitecta y urbanista colombiana <strong>Mar\u00eda Cristina Rojas Eberhard<\/strong> expuso a trav\u00e9s de una ponencia llena de fuerza las <strong>experiencias exitosas que se est\u00e1n llevando a cabo en la ciudad de Bogot\u00e1<\/strong> para la ordenaci\u00f3n y gesti\u00f3n de los nuevos desarrollos urbanos, a partir del proyecto denominado \u201cLa Felicidad\u201d.<\/p>\n<figure id=\"attachment_4833\" aria-describedby=\"caption-attachment-4833\" style=\"width: 448px\" class=\"wp-caption aligncenter\"><a href=\"http:\/\/granadablogs.com\/gr-arquitectos\/files\/2010\/11\/jc-05.jpg\"><img loading=\"lazy\" decoding=\"async\" class=\"size-full wp-image-4833\" src=\"http:\/\/granadablogs.com\/gr-arquitectos\/files\/2010\/11\/jc-05.jpg\" alt=\"Juan Carlos Garc\u00eda de los Reyes en plena intervenci\u00f3n en el Foro Internacional.\" width=\"448\" height=\"335\" srcset=\"https:\/\/granadablogs.com\/gr-arquitectos\/files\/2010\/11\/jc-05.jpg 448w, https:\/\/granadablogs.com\/gr-arquitectos\/files\/2010\/11\/jc-05-300x224.jpg 300w\" sizes=\"auto, (max-width: 448px) 100vw, 448px\" \/><\/a><figcaption id=\"caption-attachment-4833\" class=\"wp-caption-text\">Juan Carlos Garc\u00eda de los Reyes en plena intervenci\u00f3n en el Foro Internacional.<\/figcaption><\/figure>\n<p style=\"text-align: justify\">Y por \u00faltimo, un servidor, Juan Carlos Garc\u00eda de los Reyes, representando a mi equipo de <strong>GR<\/strong><em>arquitectos<\/em> y toda la comunidad virtual del <a title=\"blog La Ciudad Comprometida\" href=\"http:\/\/www.granadablogs.com\/gr-arquitectos\/\" target=\"_blank\">Blog La Ciudad Comprometida <\/a>y de la <a title=\"Red de Conocimiento de Urbanismo y Medio Ambiente de la UIM\" href=\"http:\/\/www.uimunicipalistas.org\/redes\/redurbanismo\/\" target=\"_blank\">Red de Conocimiento UIM sobre Urbanismo y Medio Ambiente<\/a>, disert\u00e9 sobre <strong>c\u00f3mo avanzar hacia un urbanismo sostenible<\/strong>. Nuestras ciudades en general son hoy agresivas, segregadoras, desiguales y sumamente extensas. Verdaderas fuentes de conflictos sociales y ambientales de todo tipo. Y la urban\u00edstica no ha sabido dar respuestas desde la \u00e9tica y la cohesi\u00f3n de ciudades y territorios. De ah\u00ed que la filosof\u00eda de <em>La Ciudad Comprometida<\/em> suponga una nueva respuesta construida a partir de la superposici\u00f3n de todas las miradas de la ciudad, las de los especialistas y las de todas las sensibilidades, orientada inequ\u00edvocamente hacia la resoluci\u00f3n de las grandes cuestiones estructurales de las metr\u00f3polis, pero tambi\u00e9n y desde otra escala de detalle, las otras cuestiones que nacen desde los barrios, para <strong>avanzar hacia ciudades amables, integradoras cohesionadas y democr\u00e1ticas<\/strong>. En definitiva, sustituir los planes monocrom\u00e1ticos actuales\u00a0 en los que la \u00fanica componente ha sido la consecuci\u00f3n de las m\u00e1ximas plusval\u00edas, por verdaderos planes multicolores, de los cuales somos sin duda deficitarios, como lo estamos de iniciativas p\u00fablicas que se anticipen a los problemas y necesidades.<\/p>\n<p style=\"text-align: justify\">Este importante Foro Internacional, ha supuesto sin duda una iniciativa necesaria pero singular, en la que el colectivo de los arquitectos, en este caso del Per\u00fa, han sabido tomar la iniciativa para suplir la falta de iniciativas p\u00fablicas en dicha materia.<\/p>\n<p style=\"text-align: justify\">El foro ha concluido con la firma de la <strong>Declaraci\u00f3n de Lima<\/strong>, elaborada a partir de los principios de\u00a0 <em>La Ciudad Comprometida<\/em> y tomando como modelo a la<em> Red de Conocimiento UIM sobre Urbanismo y Medio Ambiente<\/em>, planteada como un espacio de debate permanente sobre todas estas cuestiones, para lo cual el Colegio de arquitectos se dotar\u00e1 de una oficina t\u00e9cnica especifica.<\/p>\n<p style=\"text-align: justify\">Prometemos enlazarnos, colaborar y construir juntos el sue\u00f1o de avanzar en el compromiso de ciudades y territorios en los que desarrollarnos como personas.<\/p>\n","protected":false},"excerpt":{"rendered":"<p>\u00abLa Ciudad Comprometida\u00bb + \u00abEl Territorio Comprometido\u00bb + \u00abNoticias y Actualidad\u00bb Concluy\u00f3 el Foro Internacional de Lima, en el que 13 expertos internacionales convocados por el Colegio de Arquitectos del Per\u00fa (Regional Lima) han dirigido un amplio debate con los t\u00e9cnicos y pol\u00edticos nacionales sobre LA GESTI\u00d3N DE LAS \u00c1REAS METROPLITANAS, necesidad acuciante dado que [&hellip;]<\/p>\n","protected":false},"author":38,"featured_media":0,"comment_status":"open","ping_status":"open","sticky":false,"template":"","format":"standard","meta":{"footnotes":""},"categories":[1567,1573,61753],"tags":[838,1813,1428,3261,860],"class_list":["post-4828","post","type-post","status-publish","format-standard","hentry","category-2-la-ciudad-comprometida","category-3-el-territorio-comprometido","category-08-noticias-y-actualidad","tag-ciudad","tag-foro","tag-internacional","tag-lima","tag-sostenible"],"_links":{"self":[{"href":"https:\/\/granadablogs.com\/gr-arquitectos\/wp-json\/wp\/v2\/posts\/4828","targetHints":{"allow":["GET"]}}],"collection":[{"href":"https:\/\/granadablogs.com\/gr-arquitectos\/wp-json\/wp\/v2\/posts"}],"about":[{"href":"https:\/\/granadablogs.com\/gr-arquitectos\/wp-json\/wp\/v2\/types\/post"}],"author":[{"embeddable":true,"href":"https:\/\/granadablogs.com\/gr-arquitectos\/wp-json\/wp\/v2\/users\/38"}],"replies":[{"embeddable":true,"href":"https:\/\/granadablogs.com\/gr-arquitectos\/wp-json\/wp\/v2\/comments?post=4828"}],"version-history":[{"count":8,"href":"https:\/\/granadablogs.com\/gr-arquitectos\/wp-json\/wp\/v2\/posts\/4828\/revisions"}],"predecessor-version":[{"id":4830,"href":"https:\/\/granadablogs.com\/gr-arquitectos\/wp-json\/wp\/v2\/posts\/4828\/revisions\/4830"}],"wp:attachment":[{"href":"https:\/\/granadablogs.com\/gr-arquitectos\/wp-json\/wp\/v2\/media?parent=4828"}],"wp:term":[{"taxonomy":"category","embeddable":true,"href":"https:\/\/granadablogs.com\/gr-arquitectos\/wp-json\/wp\/v2\/categories?post=4828"},{"taxonomy":"post_tag","embeddable":true,"href":"https:\/\/granadablogs.com\/gr-arquitectos\/wp-json\/wp\/v2\/tags?post=4828"}],"curies":[{"name":"wp","href":"https:\/\/api.w.org\/{rel}","templated":true}]}}