{"id":55,"date":"2009-07-04T12:35:20","date_gmt":"2009-07-04T10:35:20","guid":{"rendered":"http:\/\/granadablogs.com\/gr-arquitectos\/?p=55"},"modified":"2010-02-01T09:49:38","modified_gmt":"2010-02-01T07:49:38","slug":"%c2%bfacoso-a-los-arquitectos","status":"publish","type":"post","link":"https:\/\/granadablogs.com\/gr-arquitectos\/2009\/07\/04\/%c2%bfacoso-a-los-arquitectos\/","title":{"rendered":"\u00bfAcoso a los arquitectos?"},"content":{"rendered":"<h4 style=\"text-align: justify\">\u201cNoticias y Actualidad\u201d (3)<\/h4>\n<p style=\"text-align: justify\">Una de las ponencias m\u00e1s interesantes del Congreso de Arquitectos de Espa\u00f1a, que acaba de celebrarse en Valencia, ha sido la que ha reunido al Decano de Granada, Emilio Herrera, al urbanista Francisco Pe\u00f1a y al Director de la Escuela de Arquitectura de La Coru\u00f1a, Manuel Casabella. El debate ha girado en torno a la situaci\u00f3n que de acoso que hoy vive la profesi\u00f3n del arquitecto. <!--more-->La grave crisis profesional est\u00e1 marcada por cuatro facetas que confluyen: crisis de Formaci\u00f3n (el proceso de Bolonia que rebaja el rango acad\u00e9mico y profesional), crisis de Asociaci\u00f3n (derivado de la denominada ley Omnibus, que afecta a la funci\u00f3n de los colegios de arquitectos), crisis T\u00e9cnica (por el caos ocasionado por las incoherencias del C\u00f3digo T\u00e9cnico de la Edificaci\u00f3n) y, c\u00f3mo no, \u00a1La crisis Econ\u00f3mica!<\/p>\n<p style=\"text-align: justify\">La conclusi\u00f3n de este debate puede sintetizarse en que es fundamental emprender medidas encaminadas a la recuperaci\u00f3n de la dignidad profesional y del prestigio profesional de los arquitectos, muchas veces cuestionado y demasiadas veces puesto en duda&#8230; Y para ello tres caminos fundamentales:<\/p>\n<p style=\"text-align: justify\">&#8211; La coordinaci\u00f3n entre las Escuelas de Arquitectura y los colegios profesionales ser\u00e1 b\u00e1sica para mejora de la formaci\u00f3n y la competitividad. Para reconquistar los campos profesionales tradicionales propios de los arquitectos.<\/p>\n<p style=\"text-align: justify\">&#8211; Insistir en que la formaci\u00f3n human\u00edstica, t\u00e9cnica y art\u00edstica que confluye en los arquitectos nos dota de una formaci\u00f3n integral que est\u00e1 en la base de la funci\u00f3n social que nuestro colectivo aporta, y<\/p>\n<p style=\"text-align: justify\">&#8211; La necesidad de que se produzca un mayor acercamiento de los arquitectos a las necesidades de los ciudadanos, o lo que es lo mismo, conseguir mayor cercan\u00eda con la sociedad&#8230; \u00bfSer\u00e1 cierto eso de que a los arquitectos solo nos interesa contar nuestros proyectos a otros arquitectos?<\/p>\n<figure id=\"attachment_56\" aria-describedby=\"caption-attachment-56\" style=\"width: 500px\" class=\"wp-caption alignnone\"><a href=\"http:\/\/granadablogs.com\/gr-arquitectos\/files\/2009\/07\/mesa_granadina_congreso_arquitectos.jpg\"><img loading=\"lazy\" decoding=\"async\" class=\"size-full wp-image-56\" src=\"http:\/\/granadablogs.com\/gr-arquitectos\/files\/2009\/07\/mesa_granadina_congreso_arquitectos.jpg\" alt=\"Emilio Herrera, Manuel Casabella, Paloma Sobrini y Francisco Pe\u00f1a.\/ Archivo GR \" width=\"500\" height=\"239\" \/><\/a><figcaption id=\"caption-attachment-56\" class=\"wp-caption-text\">Emilio Herrera, Manuel Casabella, Paloma Sobrini y Francisco Pe\u00f1a.\/ Archivo GR <\/figcaption><\/figure>\n","protected":false},"excerpt":{"rendered":"<p>\u201cNoticias y Actualidad\u201d (3) Una de las ponencias m\u00e1s interesantes del Congreso de Arquitectos de Espa\u00f1a, que acaba de celebrarse en Valencia, ha sido la que ha reunido al Decano de Granada, Emilio Herrera, al urbanista Francisco Pe\u00f1a y al Director de la Escuela de Arquitectura de La Coru\u00f1a, Manuel Casabella. El debate ha girado [&hellip;]<\/p>\n","protected":false},"author":38,"featured_media":0,"comment_status":"open","ping_status":"open","sticky":false,"template":"","format":"standard","meta":{"footnotes":""},"categories":[61753],"tags":[858,872,876,862,869,870,874,873,866,552,863,877,867,840,871,875,878,868,361],"class_list":["post-55","post","type-post","status-publish","format-standard","hentry","category-08-noticias-y-actualidad","tag-arquitectos","tag-bolonia","tag-competitividad","tag-congreso","tag-crisis","tag-debate","tag-economica","tag-edificacion","tag-emilio-herrera","tag-escuela","tag-espana","tag-formacion","tag-francisco-pena","tag-gr-arquitectos","tag-omnibus","tag-profesionales","tag-sociedad","tag-urbanista","tag-valencia"],"_links":{"self":[{"href":"https:\/\/granadablogs.com\/gr-arquitectos\/wp-json\/wp\/v2\/posts\/55","targetHints":{"allow":["GET"]}}],"collection":[{"href":"https:\/\/granadablogs.com\/gr-arquitectos\/wp-json\/wp\/v2\/posts"}],"about":[{"href":"https:\/\/granadablogs.com\/gr-arquitectos\/wp-json\/wp\/v2\/types\/post"}],"author":[{"embeddable":true,"href":"https:\/\/granadablogs.com\/gr-arquitectos\/wp-json\/wp\/v2\/users\/38"}],"replies":[{"embeddable":true,"href":"https:\/\/granadablogs.com\/gr-arquitectos\/wp-json\/wp\/v2\/comments?post=55"}],"version-history":[{"count":7,"href":"https:\/\/granadablogs.com\/gr-arquitectos\/wp-json\/wp\/v2\/posts\/55\/revisions"}],"predecessor-version":[{"id":2083,"href":"https:\/\/granadablogs.com\/gr-arquitectos\/wp-json\/wp\/v2\/posts\/55\/revisions\/2083"}],"wp:attachment":[{"href":"https:\/\/granadablogs.com\/gr-arquitectos\/wp-json\/wp\/v2\/media?parent=55"}],"wp:term":[{"taxonomy":"category","embeddable":true,"href":"https:\/\/granadablogs.com\/gr-arquitectos\/wp-json\/wp\/v2\/categories?post=55"},{"taxonomy":"post_tag","embeddable":true,"href":"https:\/\/granadablogs.com\/gr-arquitectos\/wp-json\/wp\/v2\/tags?post=55"}],"curies":[{"name":"wp","href":"https:\/\/api.w.org\/{rel}","templated":true}]}}