{"id":5624,"date":"2011-03-03T07:00:11","date_gmt":"2011-03-03T05:00:11","guid":{"rendered":"http:\/\/granadablogs.com\/gr-arquitectos\/?p=5624"},"modified":"2011-03-03T10:59:49","modified_gmt":"2011-03-03T08:59:49","slug":"mario-ortega-en-la-ciudad-comprometida","status":"publish","type":"post","link":"https:\/\/granadablogs.com\/gr-arquitectos\/2011\/03\/03\/mario-ortega-en-la-ciudad-comprometida\/","title":{"rendered":"MARIO ORTEGA EN LA CIUDAD COMPROMETIDA"},"content":{"rendered":"<h3 style=\"text-align: justify\">\u00abForos profesionales GR\u00bb<\/h3>\n<p style=\"text-align: justify\"><strong>Mario Ortega<\/strong>, Candidato a la Alcald\u00eda de Granada en las pr\u00f3ximas elecciones por <strong>Los Verdes<\/strong>, particip\u00f3 en la S<strong>egunda Edici\u00f3n de los Foros de la Ciudad Comprometida<\/strong>, en sesi\u00f3n celebrada el pasado d\u00eda 27 de enero en el Museo Casa de los Tiros. Los Foros de esta segunda edici\u00f3n tienen como objetivo conocer la opini\u00f3n de los principales candidatos a la Alcald\u00eda para conseguir que Granada sea considerada <strong>Ciudad Comprometida Europea en 2020<\/strong>.<\/p>\n<p style=\"text-align: justify\">\u00a0<\/p>\n<p style=\"text-align: center\">\n<p style=\"text-align: center\">\n<p style=\"text-align: center\">\n<p style=\"text-align: center\">\n<figure id=\"attachment_5627\" aria-describedby=\"caption-attachment-5627\" style=\"width: 531px\" class=\"wp-caption aligncenter\"><a href=\"http:\/\/granadablogs.com\/gr-arquitectos\/files\/2011\/03\/Mario-Ortega-en-la-Ciudad-Comprometida.jpg\"><img loading=\"lazy\" decoding=\"async\" class=\"size-large wp-image-5627    \" src=\"http:\/\/granadablogs.com\/gr-arquitectos\/files\/2011\/03\/Mario-Ortega-en-la-Ciudad-Comprometida-1024x768.jpg\" alt=\"Mario Ortega en la Ciudad Comprometida\" width=\"531\" height=\"398\" srcset=\"https:\/\/granadablogs.com\/gr-arquitectos\/files\/2011\/03\/Mario-Ortega-en-la-Ciudad-Comprometida-1024x768.jpg 1024w, https:\/\/granadablogs.com\/gr-arquitectos\/files\/2011\/03\/Mario-Ortega-en-la-Ciudad-Comprometida-300x225.jpg 300w\" sizes=\"auto, (max-width: 531px) 100vw, 531px\" \/><\/a><figcaption id=\"caption-attachment-5627\" class=\"wp-caption-text\">Mario Ortega en la Ciudad Comprometida<\/figcaption><\/figure>\n<p style=\"text-align: justify\">Nos mostr\u00f3 su ideolog\u00eda, haciendo referencia a esl\u00f3ganes como: \u201c<em>piensa global y act\u00faa local<\/em>\u201d, \u201c<em>el planeta tiene l\u00edmites<\/em>\u201d y \u201c<em>hay que pensar en las generaciones futuras que no tienen voz<\/em>\u201d.<\/p>\n<p style=\"text-align: justify\">Analiz\u00f3 los principales problemas de Granada, como:<\/p>\n<p style=\"text-align: justify\"><strong>-el desempleo<\/strong><\/p>\n<p style=\"text-align: justify\"><strong>-huida del capital humano (los universitarios al terminar se marchan de Granada)<\/strong><\/p>\n<p style=\"text-align: justify\"><strong>-como grandes monopolios se est\u00e1n quedando con los servicios municipales<\/strong><\/p>\n<p style=\"text-align: justify\"><strong>-el grave problema de la movilidad<\/strong><\/p>\n<p style=\"text-align: justify\"><strong>-la contaminaci\u00f3n debida al tr\u00e1fico<\/strong><\/p>\n<p style=\"text-align: justify\"><strong>-el deterioro de la diversidad cultural y proyecci\u00f3n al exterior ya que piensa que Granada se encuentra anclada en tradiciones que bloquean el capital emprendedor y a la gente joven.<\/strong><\/p>\n<p style=\"text-align: justify\"><strong>-el bajo \u00edndice de zonas verdes <\/strong><\/p>\n<p style=\"text-align: justify\"><strong>-contaminaci\u00f3n ac\u00fastica<\/strong><\/p>\n<p style=\"text-align: justify\"><strong>-la grave ruptura con el \u00e1rea metropolitana por ser de distinto signo pol\u00edtico<\/strong><\/p>\n<p style=\"text-align: justify\">A \u00e9l, le gustar\u00eda que <strong>Granada<\/strong> se convirtiera en la <strong>Berl\u00edn del sur<\/strong>, ya que hay que <strong>dejar espacio a la gente joven<\/strong> y nos se\u00f1al\u00f3 como <strong>la alternativa de nuestro consistorio ha sido la realizaci\u00f3n de un Botell\u00f3dromo<\/strong>.<\/p>\n<p style=\"text-align: justify\">Su modelo de ciudad, lo adjetiviza como el <strong>Green New Deal. (Nuevo Acuerdo Verde),<\/strong> y piensa que <strong>Granada necesita una industria verde que cierre los ciclos<\/strong> (residuos, agua y energ\u00eda). Es por ello que aboga por la agroecolog\u00eda en Granada, potenciando el consumo de proximidad y los mercados cautivos (Un ejemplo de esto ser\u00eda que los comedores escolares potenciaran la comida ecol\u00f3gica aut\u00f3ctona).<\/p>\n<p style=\"text-align: justify\">Mario Ortega tambi\u00e9n piensa en <strong>potenciar sistemas intermodales que favorezcan la movilidad<\/strong>. Articulando redes de metro, bici y peatonal se podr\u00eda generar mucho empleo haciendo que la gente no venga a Granada en Coche.<\/p>\n<p style=\"text-align: justify\">A continuaci\u00f3n\u00a0 <strong>enumer\u00f3 una serie de proyectos met\u00e1fora<\/strong>, como el <strong>Auditorio Bioclim\u00e1tico Zaid\u00edn Jazz Rock<\/strong> con el cual piensan plantear un concurso de ideas dirigido a equipos multidisciplinares que pudieran estar conformados por j\u00f3venes arquitectos o estudiantes de arquitectura, ambient\u00f3logos, ingenieros\u2026 y vecinos.<\/p>\n<p style=\"text-align: justify\">Otro proyecto met\u00e1fora, ser\u00eda el <strong>Gran Parque Central<\/strong>. Ellos apuestan por un gran parque ubicado en los terrenos de la actual estaci\u00f3n de RENFE, pase\u00edllos universitarios, Estadio de la Juventud, cuartel de automovilismo y que conecte con una v\u00eda verde hasta la vega. Ya que nuestra ciudad necesita un gran pulm\u00f3n verde.<\/p>\n<p style=\"text-align: justify\">Tambi\u00e9n apuesta por un <strong>museo de arte moderno temporal en la zona del paseo de las Palmas<\/strong> y un <strong>centro Audiovisual en la zona norte<\/strong>, donde la gente pueda utilizar material p\u00fablico para estos fines.<\/p>\n<p style=\"text-align: justify\">Fueron varias las cuestiones formuladas por los asistentes al Foro entre las que cabe destacar algunas como la de Mari Carmen, vecina del Zaid\u00edn, que le pregunt\u00f3 con quien pactar\u00eda si entrara en el ayuntamiento y ni PP ni PSOE obtuvieran mayor\u00eda absoluta. A ella contest\u00f3 diciendo que <strong>su expectativa era de lograr 1 o 2 concejales y con este n\u00famero piensa que se puede influir mas desde la oposici\u00f3n<\/strong>.<\/p>\n<p style=\"text-align: justify\">Tambi\u00e9n le preguntaron por el <strong>cierre del anillo de circunvalaci\u00f3n ante el cual se posicion\u00f3 en contra totalmente<\/strong>, ya que destruir\u00eda un gran capital paisaj\u00edstico y no resolver\u00eda el problema de la movilidad. As\u00ed pues, Mario plantea un cierre del anillo pero utilizando el metro.<\/p>\n<p style=\"text-align: justify\"><strong>Charo, arquitecta de Gr<\/strong><em>arquitectos<\/em> le matiz\u00f3 en referencia al gran parque que los verdes plantean en los terrenos de RENFE, que <strong>Granada ya cuenta con un gran parque, que es la VEGA<\/strong> y que a \u00e9sta lo que le hace falta es dotarla de usos para que la gente pueda disfrutarla.<\/p>\n<p style=\"text-align: right\">\u00a0<span style=\"color: #888888\">Saul B. Meral, Arquitecto<\/span><\/p>\n","protected":false},"excerpt":{"rendered":"<p>\u00abForos profesionales GR\u00bb Mario Ortega, Candidato a la Alcald\u00eda de Granada en las pr\u00f3ximas elecciones por Los Verdes, particip\u00f3 en la Segunda Edici\u00f3n de los Foros de la Ciudad Comprometida, en sesi\u00f3n celebrada el pasado d\u00eda 27 de enero en el Museo Casa de los Tiros. Los Foros de esta segunda edici\u00f3n tienen como objetivo [&hellip;]<\/p>\n","protected":false},"author":38,"featured_media":0,"comment_status":"open","ping_status":"open","sticky":false,"template":"","format":"standard","meta":{"footnotes":""},"categories":[62048],"tags":[1881,879,1311,7305],"class_list":["post-5624","post","type-post","status-publish","format-standard","hentry","category-07-foros-profesionales-gr","tag-foros-profesionales","tag-juan-carlos-garcia-de-los-reyes","tag-la-ciudad-comprometida","tag-mario-ortega"],"_links":{"self":[{"href":"https:\/\/granadablogs.com\/gr-arquitectos\/wp-json\/wp\/v2\/posts\/5624","targetHints":{"allow":["GET"]}}],"collection":[{"href":"https:\/\/granadablogs.com\/gr-arquitectos\/wp-json\/wp\/v2\/posts"}],"about":[{"href":"https:\/\/granadablogs.com\/gr-arquitectos\/wp-json\/wp\/v2\/types\/post"}],"author":[{"embeddable":true,"href":"https:\/\/granadablogs.com\/gr-arquitectos\/wp-json\/wp\/v2\/users\/38"}],"replies":[{"embeddable":true,"href":"https:\/\/granadablogs.com\/gr-arquitectos\/wp-json\/wp\/v2\/comments?post=5624"}],"version-history":[{"count":18,"href":"https:\/\/granadablogs.com\/gr-arquitectos\/wp-json\/wp\/v2\/posts\/5624\/revisions"}],"predecessor-version":[{"id":5644,"href":"https:\/\/granadablogs.com\/gr-arquitectos\/wp-json\/wp\/v2\/posts\/5624\/revisions\/5644"}],"wp:attachment":[{"href":"https:\/\/granadablogs.com\/gr-arquitectos\/wp-json\/wp\/v2\/media?parent=5624"}],"wp:term":[{"taxonomy":"category","embeddable":true,"href":"https:\/\/granadablogs.com\/gr-arquitectos\/wp-json\/wp\/v2\/categories?post=5624"},{"taxonomy":"post_tag","embeddable":true,"href":"https:\/\/granadablogs.com\/gr-arquitectos\/wp-json\/wp\/v2\/tags?post=5624"}],"curies":[{"name":"wp","href":"https:\/\/api.w.org\/{rel}","templated":true}]}}