{"id":1022,"date":"2015-03-05T14:02:24","date_gmt":"2015-03-05T13:02:24","guid":{"rendered":"http:\/\/granadablogs.com\/rumores\/?p=1022"},"modified":"2015-03-06T01:48:00","modified_gmt":"2015-03-06T00:48:00","slug":"curro-ledesma-y-los-obsoletos","status":"publish","type":"post","link":"https:\/\/granadablogs.com\/rumores\/2015\/03\/05\/curro-ledesma-y-los-obsoletos\/","title":{"rendered":"Curro Ledesma y los obsoletos"},"content":{"rendered":"<p>Alguna vez he explicado la pol\u00edtica -y el periodismo- con la parodia del peluquero de Los Morancos. Para ser exactos, un barbero castizo que decora su local con un cuadro de Santillana celebrando alguna gesta europea del Real Madrid y cuando le da la vuelta aparece Maradona con la camiseta del Bar\u00e7a. Y as\u00ed, en funci\u00f3n del cliente, var\u00eda la estampa y el himno.<\/p>\n<p>Despu\u00e9s est\u00e1 quien en lugar de un solo cuadro tiene toda una pinacoteca.<\/p>\n<p>Por ejemplo, el concejal Curro Ledesma coloca la pintura de la cara merengue si se trata de Sebasti\u00e1n P\u00e9rez; y la exhibir\u00eda del lado blaugrana si llegara a su peluquer\u00eda la presidenta del comit\u00e9 electoral nacional, Alicia S\u00e1nchez Camacho. Sin embargo, cuando no hay ni madridistas ni cules, Ledesma cuelga un cuadro de Torres Hurtado y tararea letrillas tradicionales del tipo &#8216;pican, pican los mosquitos&#8217;.<\/p>\n<p>En el lenguaje obsoleto, a este tipo de peluqueros arribistas lo m\u00e1s elegante que le llamar\u00edan ser\u00eda pelota. En la jerga moderna es un octavo teniente de alcalde.<\/p>\n<p>Resulta que hace un par de d\u00edas llamamos a Ledesma para pedirle su opini\u00f3n sobre el embargo que el Ayuntamiento hab\u00eda iniciado contra la empresa que gestiona el Palacio de Congresos por el IBI de un aparcamiento que ni siquiera administra. Y como en ese momento el cuadro pill\u00f3 de la parte del concejal implacable de Econom\u00eda sus declaraciones fueron estas:<\/p>\n<p><em>\u201cLos asesores del Palacio de Congresos nunca han presentado reclamaciones ni han alegado. Nosotros hemos pedido de oficio una alteraci\u00f3n en el Catastro del Ministerio para subsanar errores. (&#8230;) El embargo de cuentas no se puede negociar. Te obliga la Ley General Tributaria. Ellos ten\u00edan que haber alegado. Solo no es embargable cuando es la cuenta de la n\u00f3mina y es el \u00fanico modo de sustento. Pero ellos son una mercantil y no se puede levantar el embargo Es un embargo por una cantidad importante, m\u00e1s de 300.000 euros. Ellos no han pagado el \u00faltimo ejercicio. Tienen un plazo de un mes para hacer una alteraci\u00f3n catastral, algo que no han hecho\u201d.<\/em><\/p>\n<p>Estas declaraciones son supuestas, porque como ven\u00eda siendo habitual hasta ahora no se grababan las conversaciones con Ledesma. Usted es libre de confiar en un periodista -con la dificultad que eso entra\u00f1a- o en un pol\u00edtico cuelga cuadros.<\/p>\n<p>Al d\u00eda siguiente, Ledesma dijo de lo publicado -es decir, de sus propias palabras- que se hab\u00eda quedado obsoleto y se hab\u00eda desinformado. Que se hab\u00eda embargado pero solo un poquito y que ya estaba todo solucionado.<\/p>\n<p>Resulta que sobre la marcha encontr\u00f3 alg\u00fan papel con el que negar al peri\u00f3dico, sin darse cuenta de que, en realidad, se negaba a s\u00ed mismo. Igual que como parte del consorcio del Palacio de Congresos previamente se hab\u00eda autoembargado.<\/p>\n<p>Esta ma\u00f1ana -despu\u00e9s de no responder las llamadas de este peri\u00f3dico durante 12 horas- Ledesma ha enviado por un intermediario un comunicado firmado al alim\u00f3n con el director del Palacio de Congresos, otro que hace dos d\u00edas tambi\u00e9n declaraba lo contrario. Saquen sus conclusiones.<\/p>\n<p>Por mi parte lo \u00fanico que les puedo garantizar es que no solemos publicar informaciones obsoletas. Y el concejal deber\u00eda saberlo.<\/p>\n<p>De hecho, hay noticias obsoletas sobre el propio Ledesma que nunca hemos publicado. Ni siquiera cuando estuvieron de plena actualidad.<\/p>\n","protected":false},"excerpt":{"rendered":"<p>Alguna vez he explicado la pol\u00edtica -y el periodismo- con la parodia del peluquero de Los Morancos. Para ser exactos, un barbero castizo que decora su local con un cuadro de Santillana celebrando alguna gesta europea del Real Madrid y cuando le da la vuelta aparece Maradona con la camiseta del Bar\u00e7a. Y as\u00ed, en [&hellip;]<\/p>\n","protected":false},"author":65,"featured_media":0,"comment_status":"open","ping_status":"open","sticky":false,"template":"","format":"standard","meta":{"footnotes":""},"categories":[11480],"tags":[],"class_list":["post-1022","post","type-post","status-publish","format-standard","hentry","category-sin-categoria"],"_links":{"self":[{"href":"https:\/\/granadablogs.com\/rumores\/wp-json\/wp\/v2\/posts\/1022","targetHints":{"allow":["GET"]}}],"collection":[{"href":"https:\/\/granadablogs.com\/rumores\/wp-json\/wp\/v2\/posts"}],"about":[{"href":"https:\/\/granadablogs.com\/rumores\/wp-json\/wp\/v2\/types\/post"}],"author":[{"embeddable":true,"href":"https:\/\/granadablogs.com\/rumores\/wp-json\/wp\/v2\/users\/65"}],"replies":[{"embeddable":true,"href":"https:\/\/granadablogs.com\/rumores\/wp-json\/wp\/v2\/comments?post=1022"}],"version-history":[{"count":3,"href":"https:\/\/granadablogs.com\/rumores\/wp-json\/wp\/v2\/posts\/1022\/revisions"}],"predecessor-version":[{"id":1025,"href":"https:\/\/granadablogs.com\/rumores\/wp-json\/wp\/v2\/posts\/1022\/revisions\/1025"}],"wp:attachment":[{"href":"https:\/\/granadablogs.com\/rumores\/wp-json\/wp\/v2\/media?parent=1022"}],"wp:term":[{"taxonomy":"category","embeddable":true,"href":"https:\/\/granadablogs.com\/rumores\/wp-json\/wp\/v2\/categories?post=1022"},{"taxonomy":"post_tag","embeddable":true,"href":"https:\/\/granadablogs.com\/rumores\/wp-json\/wp\/v2\/tags?post=1022"}],"curies":[{"name":"wp","href":"https:\/\/api.w.org\/{rel}","templated":true}]}}