{"id":1899,"date":"2021-01-26T13:50:12","date_gmt":"2021-01-26T12:50:12","guid":{"rendered":"http:\/\/granadablogs.com\/rumores\/?p=1899"},"modified":"2021-01-26T13:57:27","modified_gmt":"2021-01-26T12:57:27","slug":"el-efecto-illa","status":"publish","type":"post","link":"https:\/\/granadablogs.com\/rumores\/2021\/01\/26\/el-efecto-illa\/","title":{"rendered":"El efecto Illa"},"content":{"rendered":"<p>Salvador Illa se va y hasta los que pidieron su dimisi\u00f3n critican ahora su marcha. Hace justo un a\u00f1o, el ministro andaba negando que existieran motivos sanitarios para suspender el Mobile Congress en Barcelona y desde este martes es el candidato del PSC al 101 per cent.<\/p>\n<p>Es evidente que, en cuestiones sanitarias, est\u00e1bamos mejor a finales de enero de 2020. Pero ha sido precisamente su desempe\u00f1o en el ministerio el que le ha convertido en el mejor candidato a la Generalitat para el PSOE y -a\u00f1ado- para el conjunto de los espa\u00f1oles.<\/p>\n<p>De Illa nos gusta su aspecto a camino entre interventor de banco y predicador de los que van por las casas intentando colocarte una biblia; lo bien que habla incluso cuando no dice nada; su flequillo sin despeinar en la pandemia; y que da las gracias cuando se le insulta.<\/p>\n<p>Que haya aprovechado el ministerio como plataforma para otra carrera pol\u00edtica no es nada que no hicieran otros consejeros que se postularon como alcaldes o tiralevitas que opositaron a ministros. Otras cosa es hasta qu\u00e9 punto se resentir\u00e1 la gesti\u00f3n del coronavirus con la dimisi\u00f3n de Illa. Que es tambi\u00e9n el ministro con el que se compraron test r\u00e1pidos que no serv\u00edan, las cifras se pervirtieron hasta el punto de no poder creerlas o los expertos fueron un pretexto desconocido.<\/p>\n<p>Por todo esto que ha hecho como ministro, Illa es un buen candidato para Catalu\u00f1a.<\/p>\n<blockquote class=\"twitter-tweet\">\n<p lang=\"es\" dir=\"ltr\">Hoy conectaba con <a href=\"https:\/\/twitter.com\/MAS_CanalSur?ref_src=twsrc%5Etfw\">@MAS_CanalSur<\/a> desde la delegaci\u00f3n de <a href=\"https:\/\/twitter.com\/ideal_almeria?ref_src=twsrc%5Etfw\">@ideal_almeria<\/a> (huyendo de los terremotos). Y hablaba de Illa, el ministro al que ahora todos echan de menos <a href=\"https:\/\/t.co\/cUnmDTvuaH\">pic.twitter.com\/cUnmDTvuaH<\/a><\/p>\n<p>&mdash; Quico Chirino (@quicochirino) <a href=\"https:\/\/twitter.com\/quicochirino\/status\/1353811776694067203?ref_src=twsrc%5Etfw\">January 25, 2021<\/a><\/p><\/blockquote>\n","protected":false},"excerpt":{"rendered":"<p>Salvador Illa se va y hasta los que pidieron su dimisi\u00f3n critican ahora su marcha. Hace justo un a\u00f1o, el ministro andaba negando que existieran motivos sanitarios para suspender el Mobile Congress en Barcelona y desde este martes es el candidato del PSC al 101 per cent. Es evidente que, en cuestiones sanitarias, est\u00e1bamos mejor [&hellip;]<\/p>\n","protected":false},"author":65,"featured_media":0,"comment_status":"open","ping_status":"open","sticky":false,"template":"","format":"standard","meta":{"footnotes":""},"categories":[11480],"tags":[],"class_list":["post-1899","post","type-post","status-publish","format-standard","hentry","category-sin-categoria"],"_links":{"self":[{"href":"https:\/\/granadablogs.com\/rumores\/wp-json\/wp\/v2\/posts\/1899","targetHints":{"allow":["GET"]}}],"collection":[{"href":"https:\/\/granadablogs.com\/rumores\/wp-json\/wp\/v2\/posts"}],"about":[{"href":"https:\/\/granadablogs.com\/rumores\/wp-json\/wp\/v2\/types\/post"}],"author":[{"embeddable":true,"href":"https:\/\/granadablogs.com\/rumores\/wp-json\/wp\/v2\/users\/65"}],"replies":[{"embeddable":true,"href":"https:\/\/granadablogs.com\/rumores\/wp-json\/wp\/v2\/comments?post=1899"}],"version-history":[{"count":4,"href":"https:\/\/granadablogs.com\/rumores\/wp-json\/wp\/v2\/posts\/1899\/revisions"}],"predecessor-version":[{"id":1904,"href":"https:\/\/granadablogs.com\/rumores\/wp-json\/wp\/v2\/posts\/1899\/revisions\/1904"}],"wp:attachment":[{"href":"https:\/\/granadablogs.com\/rumores\/wp-json\/wp\/v2\/media?parent=1899"}],"wp:term":[{"taxonomy":"category","embeddable":true,"href":"https:\/\/granadablogs.com\/rumores\/wp-json\/wp\/v2\/categories?post=1899"},{"taxonomy":"post_tag","embeddable":true,"href":"https:\/\/granadablogs.com\/rumores\/wp-json\/wp\/v2\/tags?post=1899"}],"curies":[{"name":"wp","href":"https:\/\/api.w.org\/{rel}","templated":true}]}}