{"id":841,"date":"2014-09-23T12:21:27","date_gmt":"2014-09-23T10:21:27","guid":{"rendered":"http:\/\/granadablogs.com\/rumores\/?p=841"},"modified":"2014-09-23T12:21:27","modified_gmt":"2014-09-23T10:21:27","slug":"las-primarias-y-los-de-siempre","status":"publish","type":"post","link":"https:\/\/granadablogs.com\/rumores\/2014\/09\/23\/las-primarias-y-los-de-siempre\/","title":{"rendered":"Las primarias y los de siempre"},"content":{"rendered":"<p>El PSOE hace dos d\u00e9cadas que no gana unas elecciones en Granada; seg\u00fan reza la leyenda, desde que Antonio Jara se afeit\u00f3 la barba. <\/p>\n<p>En pol\u00edtica, depende de para qu\u00e9 cosas, sucede como en el tango, que veinte a\u00f1os no son nada. Lo digo porque la agrupaci\u00f3n socialista de la capital est\u00e1 dirigida por otros, pero pretenden controlarla los de siempre. <\/p>\n<p>Que te cuelguen la etiqueta de los &#8216;de siempre&#8217; no es necesariamente negativo. Por ejemplo, Felipe -que como \u00e9l vaticin\u00f3 cada vez se parece m\u00e1s a un jarr\u00f3n chino- es uno de esos l\u00edderes sempiternos que a\u00fan conserva la clarividencia que nos falta al resto para comprender a Pujol. Y en Granada, que viene a ser nuestro \u00e1mbito federal inmediato -por usar t\u00e9rminos modernos-, hay alguno que ocup\u00f3 su primer sill\u00f3n cuando los leones del Congreso eran dos gatos.<\/p>\n<p>Es obvio, pero no es lo mismo ser los que siempre ganan que los que siempre pierden.<\/p>\n<p>Durante veinte a\u00f1os, el argumento para justificar los descalabros electorales socialistas ha sido la fuga de concejales en el grupo municipal, que tras confirmarse la derrota atravesaban el primer puente de plata hacia otro cargo o -rara vez- hacia su casa. <\/p>\n<p>En realidad, el \u00fanico que hasta ahora ha cumplido voluntariamente lo que dijo ha sido Javier Torres Vela.<\/p>\n<p>Y ahora, que por primera vez el candidato que perdi\u00f3 se qued\u00f3, igual que el resto de concejales, lo que antes se consideraba m\u00e9rito suficiente para repetir, en esta ocasi\u00f3n se ha convertido en un handicap. Quiz\u00e1s porque alguien haya comentado en alguna reuni\u00f3n interna que ha llegado el momento en el que los &#8216;de siempre&#8217; den un paso atr\u00e1s.<\/p>\n<p>Paco Cuenca ha fiado todo su futuro pol\u00edtico a las primarias y, en realidad, es el mayor interesado en que la agrupaci\u00f3n vote. El voto interno depura los egos y delata las envidias.<\/p>\n<p>Las primarias de Granada son -por ahora- cuesti\u00f3n de dos, aunque un grupo intenta convencer a una tercera aspirante.<\/p>\n<p>Ni mucho menos est\u00e1n resueltas de antemano. Luis de Haro re\u00fane m\u00e9ritos y experiencia suficientes para optar a la candidatura y hay algunos compa\u00f1eros que no terminan de ver clara la opci\u00f3n de Cuenca. <\/p>\n<p>Si -extraoficialmente- Paco es la propuesta de la ejecutiva local, Luis lo es de la provincial; aunque puede que ellos no lo sepan. <\/p>\n<p>Falta por ver si, en esta ocasi\u00f3n, Susana D\u00edaz se quedar\u00e1 al margen o ser\u00e1 neutral. <\/p>\n<p>Que no es lo mismo.<\/p>\n","protected":false},"excerpt":{"rendered":"<p>El PSOE hace dos d\u00e9cadas que no gana unas elecciones en Granada; seg\u00fan reza la leyenda, desde que Antonio Jara se afeit\u00f3 la barba. En pol\u00edtica, depende de para qu\u00e9 cosas, sucede como en el tango, que veinte a\u00f1os no son nada. Lo digo porque la agrupaci\u00f3n socialista de la capital est\u00e1 dirigida por otros, [&hellip;]<\/p>\n","protected":false},"author":65,"featured_media":0,"comment_status":"open","ping_status":"open","sticky":false,"template":"","format":"standard","meta":{"footnotes":""},"categories":[11480],"tags":[],"class_list":["post-841","post","type-post","status-publish","format-standard","hentry","category-sin-categoria"],"_links":{"self":[{"href":"https:\/\/granadablogs.com\/rumores\/wp-json\/wp\/v2\/posts\/841","targetHints":{"allow":["GET"]}}],"collection":[{"href":"https:\/\/granadablogs.com\/rumores\/wp-json\/wp\/v2\/posts"}],"about":[{"href":"https:\/\/granadablogs.com\/rumores\/wp-json\/wp\/v2\/types\/post"}],"author":[{"embeddable":true,"href":"https:\/\/granadablogs.com\/rumores\/wp-json\/wp\/v2\/users\/65"}],"replies":[{"embeddable":true,"href":"https:\/\/granadablogs.com\/rumores\/wp-json\/wp\/v2\/comments?post=841"}],"version-history":[{"count":1,"href":"https:\/\/granadablogs.com\/rumores\/wp-json\/wp\/v2\/posts\/841\/revisions"}],"predecessor-version":[{"id":842,"href":"https:\/\/granadablogs.com\/rumores\/wp-json\/wp\/v2\/posts\/841\/revisions\/842"}],"wp:attachment":[{"href":"https:\/\/granadablogs.com\/rumores\/wp-json\/wp\/v2\/media?parent=841"}],"wp:term":[{"taxonomy":"category","embeddable":true,"href":"https:\/\/granadablogs.com\/rumores\/wp-json\/wp\/v2\/categories?post=841"},{"taxonomy":"post_tag","embeddable":true,"href":"https:\/\/granadablogs.com\/rumores\/wp-json\/wp\/v2\/tags?post=841"}],"curies":[{"name":"wp","href":"https:\/\/api.w.org\/{rel}","templated":true}]}}