{"id":844,"date":"2014-09-29T12:28:54","date_gmt":"2014-09-29T10:28:54","guid":{"rendered":"http:\/\/granadablogs.com\/rumores\/?p=844"},"modified":"2014-09-29T12:28:54","modified_gmt":"2014-09-29T10:28:54","slug":"todos-los-caminos-llevan-a-cuenca","status":"publish","type":"post","link":"https:\/\/granadablogs.com\/rumores\/2014\/09\/29\/todos-los-caminos-llevan-a-cuenca\/","title":{"rendered":"Todos los caminos llevan a Cuenca"},"content":{"rendered":"<p>El pasado jueves, en torno a las diez de la noche, el equipo de Susana D\u00edaz comunic\u00f3 a la Universidad granadina que la presidenta no podr\u00eda estar la ma\u00f1ana siguiente en la apertura del curso. Esa misma tarde se hab\u00eda marchado del Parlamento con fiebre y por la noche ya suspendi\u00f3 la asistencia prevista al estreno de una pel\u00edcula. En la agenda del viernes s\u00ed mantuvo el breve encuentro en San Telmo con la presidenta del Santander, Ana Patricia Bot\u00edn, pero no se desplaz\u00f3 a M\u00e1laga -ni al entierro del exalcalde Pedro Aparicio ni a la entrega de unos premios de turismo- y tampoco vino a Granada, donde iba a participar en el acto universitario y a visitar la feria de muestras de Armilla. <\/p>\n<p>Esto es lo que sucedi\u00f3. Sin embargo, cuando el jueves trascendi\u00f3 que Susana D\u00edaz cancelaba su agenda en Granada, en algunos sectores del PSOE interpretaron que quer\u00eda evitar pronunciarse sobre las primarias de la capital y que se trataba de un desplante a Paco Cuenca. Son de esas noticias que merecer\u00edan ser verdad pero que para desgracia de un periodista ni se le parecen. Lo que s\u00ed es cierto es que en ese mismo momento, en torno a las diez de la noche, el PSOE de Granada estaba en plena efervescencia. Por usar la expresi\u00f3n de uno de los protagonistas, se estaban jugando \u00abpartidas de las de verdad\u00bb.<\/p>\n<p>Buscaban otra alternativa a Paco Cuenca, adem\u00e1s de la ya conocida de Luis de Haro.<\/p>\n<p>\u00bfA qui\u00e9nes intentaban convencer? Los nombres que se han manejado han sido dos, juntos o por separado: el de la exconsejera de Justicia Bego\u00f1a \u00c1lvarez y el del concejal Baldomero Oliver. <\/p>\n<p>Que Paco Cuenca iba a optar a las primarias es algo que, internamente, se sab\u00eda y se hab\u00eda debatido antes del verano. Como tambi\u00e9n se conoc\u00eda que un grupo que no piensa que sea el candidato m\u00e1s id\u00f3neo se hab\u00eda reunido para buscar otro aspirante. De ese entorno sale la propuesta del comisario de Polic\u00eda jubilado hace un a\u00f1o. A Luis de Haro le acompa\u00f1an el exconcejal Paco Ruiz D\u00e1vila -que le disput\u00f3 a Chema Rueda la secretar\u00eda local hace dos a\u00f1os-, y el tambi\u00e9n exconcejal y antiguo l\u00edder del PSOE en la capital Carlos Hita, entre otros.<\/p>\n<p>Hasta aqu\u00ed lo previsible. Nada excepcional que haya dos candidaturas en unas primarias; entre otras cosas, porque de lo contrario no habr\u00eda primarias.<\/p>\n<p>Lo que resulta m\u00e1s extra\u00f1o es que en la \u00faltima semana hayan surgido tantas \u00abdudas\u00bb entre dirigentes socialistas que parec\u00edan no tenerlas o que las hab\u00edan disipado. Han existido presiones para que Paco Cuenca d\u00e9 un paso atr\u00e1s, hasta el punto de que el actual portavoz socialista en el Ayuntamiento lleg\u00f3 a ofrecer el jueves su retirada si persist\u00edan algunas tensiones.<\/p>\n<p>Pero Paco Cuenca tiene a su favor varias cosas. De haberse marchado se habr\u00eda llevado m\u00e1s de los 142 avales necesarios para presentarse a las primarias. De hecho, ya tiene las firmas y las presentar\u00e1 en las pr\u00f3ximas horas. Y sobre todo, un argumento que quiz\u00e1s aclare las cosas a los m\u00e1s dubitativos: desde Sevilla ven a Cuenca como candidato. <\/p>\n<p>Esta \u00faltima frase es literal y no es m\u00eda.<\/p>\n","protected":false},"excerpt":{"rendered":"<p>El pasado jueves, en torno a las diez de la noche, el equipo de Susana D\u00edaz comunic\u00f3 a la Universidad granadina que la presidenta no podr\u00eda estar la ma\u00f1ana siguiente en la apertura del curso. Esa misma tarde se hab\u00eda marchado del Parlamento con fiebre y por la noche ya suspendi\u00f3 la asistencia prevista al [&hellip;]<\/p>\n","protected":false},"author":65,"featured_media":0,"comment_status":"open","ping_status":"open","sticky":false,"template":"","format":"standard","meta":{"footnotes":""},"categories":[11480],"tags":[],"class_list":["post-844","post","type-post","status-publish","format-standard","hentry","category-sin-categoria"],"_links":{"self":[{"href":"https:\/\/granadablogs.com\/rumores\/wp-json\/wp\/v2\/posts\/844","targetHints":{"allow":["GET"]}}],"collection":[{"href":"https:\/\/granadablogs.com\/rumores\/wp-json\/wp\/v2\/posts"}],"about":[{"href":"https:\/\/granadablogs.com\/rumores\/wp-json\/wp\/v2\/types\/post"}],"author":[{"embeddable":true,"href":"https:\/\/granadablogs.com\/rumores\/wp-json\/wp\/v2\/users\/65"}],"replies":[{"embeddable":true,"href":"https:\/\/granadablogs.com\/rumores\/wp-json\/wp\/v2\/comments?post=844"}],"version-history":[{"count":1,"href":"https:\/\/granadablogs.com\/rumores\/wp-json\/wp\/v2\/posts\/844\/revisions"}],"predecessor-version":[{"id":845,"href":"https:\/\/granadablogs.com\/rumores\/wp-json\/wp\/v2\/posts\/844\/revisions\/845"}],"wp:attachment":[{"href":"https:\/\/granadablogs.com\/rumores\/wp-json\/wp\/v2\/media?parent=844"}],"wp:term":[{"taxonomy":"category","embeddable":true,"href":"https:\/\/granadablogs.com\/rumores\/wp-json\/wp\/v2\/categories?post=844"},{"taxonomy":"post_tag","embeddable":true,"href":"https:\/\/granadablogs.com\/rumores\/wp-json\/wp\/v2\/tags?post=844"}],"curies":[{"name":"wp","href":"https:\/\/api.w.org\/{rel}","templated":true}]}}