{"id":857,"date":"2014-10-14T21:02:54","date_gmt":"2014-10-14T19:02:54","guid":{"rendered":"http:\/\/granadablogs.com\/rumores\/?p=857"},"modified":"2014-10-14T21:02:54","modified_gmt":"2014-10-14T19:02:54","slug":"cabezazos-de-lista","status":"publish","type":"post","link":"https:\/\/granadablogs.com\/rumores\/2014\/10\/14\/cabezazos-de-lista\/","title":{"rendered":"Cabezazos de lista"},"content":{"rendered":"<p><span style=\"font-family: Times New Roman,serif\"><span style=\"font-size: medium\"><span style=\"color: #000000\">PSOE y PP han montado dos gestoras en dos pueblos que ambos quisieran ganar aunque se teman que lleven las de perder. <\/span><\/span><\/span><\/p>\n<p><span style=\"font-family: Times New Roman,serif\"><span style=\"font-size: medium\">Las distintas familias del PSOE de Guadix \u2013tambi\u00e9n las familias monoparentales, que las hay\u2013 han convivido sin estridencias hasta el momento de elegir al candidato. <\/span><\/span><\/p>\n<p><span style=\"font-family: Times New Roman,serif\"><span style=\"font-size: medium\">Todo arrastra desde septiembre de 2012, cuando hubo cuatro aspirantes a la secretar\u00eda local accitana y gan\u00f3<strong> Juan Ignacio Fern\u00e1ndez<\/strong> por apenas dos votos de ventaja al concejal y actual jefe de gabinete de la consejera de Salud,<strong> Iv\u00e1n L\u00f3pez Ariza,<\/strong> y con cuatro sobre la edil <strong>Inmaculada Olea.<\/strong><\/span><\/span><\/p>\n<p><span style=\"font-family: Times New Roman,serif\"><span style=\"font-size: medium\">Juan Ignacio hizo una ejecutiva de integraci\u00f3n, sin percatarse de que \u00e9l mismo se tend\u00eda la trampa: la dimisi\u00f3n en bloque de la mitad m\u00e1s uno ha provocado que el partido monte una gestora expr\u00e9s cuando el secretario local se encontraba de viaje en Alemania. En definitiva, le estaban esperando.<\/span><\/span><\/p>\n<p><span style=\"font-family: Times New Roman,serif\"><span style=\"font-size: medium\">\u00bfQu\u00e9 hay detr\u00e1s? La ejecutiva provincial maneja una encuesta que coloca ligeramente por delante en valoraci\u00f3n a Iv\u00e1n L\u00f3pez, aunque el resultado se parece a un empate. Por otra parte, la agrupaci\u00f3n local encarg\u00f3 su propio sondeo y sale mejor parado Juan Ignacio Fern\u00e1ndez. <\/span><\/span><\/p>\n<p><span style=\"font-family: Times New Roman,serif\"><span style=\"font-size: medium\">Un sector de la ejecutiva utiliz\u00f3 como argumento para dimitir la elaboraci\u00f3n de esta segunda encuesta y unas afiliaciones que consideran masivas y que, en realidad, son militantes que han llegado del anejo de Hern\u00e1n Valle. Entre los dimisionarios hay dirigentes como el diputado nacional <strong>Jos\u00e9 Mart\u00ednez Olmos,<\/strong> el exalcalde<strong> Jos\u00e9 Luis Hern\u00e1ndez<\/strong> o el propio Iv\u00e1n L\u00f3pez. <\/span><\/span><\/p>\n<p><span style=\"font-family: Times New Roman,serif\"><span style=\"font-size: medium\">Con la celeridad que le caracteriza -ejem-, la c\u00fapula provincial socialista decidi\u00f3 intervenir en Guadix. <\/span><\/span><\/p>\n<p><span style=\"font-family: Times New Roman,serif\"><span style=\"font-size: medium\">La reuni\u00f3n de la ejecutiva en Torre de la P\u00f3lvora no fue sencilla. Uno de los presentes -que hizo de hombre malo aunque sea bueno, con la &#8216;b&#8217; may\u00fascula- advirti\u00f3 de que se estaban forzando los estatutos y que, de interpretarse al pie de la letra, pod\u00eda provocar situaciones tan estramb\u00f3ticas como que el diputado Mart\u00ednez Olmos tuviera que pasarse al grupo mixto en el Congreso. <\/span><\/span><\/p>\n<p><span style=\"font-family: Times New Roman,serif\"><span style=\"font-size: medium\">La idea inicial se recompuso y se mont\u00f3 la gestora, que ser\u00e1 quien controle la designaci\u00f3n del candidato. Hay dos aspirantes conocidos: Juan Ignacio e Iv\u00e1n. Aunque el jefe de gabinete de la consejera podr\u00eda ser la v\u00edctima necesaria para otros intereses.<\/span><\/span><\/p>\n<p><span style=\"font-family: Times New Roman,serif\"><span style=\"font-size: medium\">Cuentan que tambi\u00e9n hay dos tapados por si hubiera que buscar una opci\u00f3n sin vencedores ni vencidos. O bien que <strong>Manuel G\u00f3mez Vidal<\/strong> no tenga m\u00e1s \u2018remedio\u2019 que repetir, aunque \u00e9l no queira -ejem-; o recurrir a un \u2018gal\u00e1ctico\u2019 como Pepe Mart\u00ednez Olmos. <\/span><\/span><\/p>\n<p><span style=\"font-family: Times New Roman,serif\"><span style=\"font-size: medium\">El problema es que a uno de los dos podr\u00eda apetecerle la idea y al otro habr\u00eda que obligarle. Y ni eso.<\/span><\/span><\/p>\n<p><span style=\"font-family: Times New Roman,serif\"><span style=\"font-size: medium\">El PP tambi\u00e9n ha decidido montar una gestora, en esta ocasi\u00f3n en Og\u00edjares. Alguno piensa -y lo dice en p\u00fablico- que habr\u00eda que haberlo hecho hace mucho timepo. <\/span><\/span><\/p>\n<p><span style=\"font-family: Times New Roman,serif\"><span style=\"font-size: medium\">Desde el provincial van a intervenir la direcci\u00f3n que preside <strong>Lola Mateo,<\/strong> persona pr\u00f3xima a<strong> Jos\u00e9 Luis del Ojo<\/strong> -no es ning\u00fan secreto-, protagonista de los desencuentros que provocaron hace ocho a\u00f1os la salida del partido del actual alcalde del municipio, el ahora independiente Francisco Plata.<\/span><\/span><\/p>\n<p><span style=\"font-family: Times New Roman,serif\"><span style=\"font-size: medium\">Desde entonces, al PP le ha ido bien en todas las elecciones en Og\u00edjares menos en las municipales, donde no obtuvo mayor\u00eda suficiente ni en 2007 ni en 2011. Me dice uno de los aludidos que tampoco la tuvo en 1995, en 1999&#8230; ni la tendr\u00e1 en 2015.<\/span><\/span><\/p>\n<p><span style=\"font-family: Times New Roman,serif\"><span style=\"font-size: medium\">Todos esos votos que se pierden por los enfrentamientos internos pueden resultar determinantes para el gobierno de la Diputaci\u00f3n -otro d\u00eda hablaremos de Monachil-. Por eso la direcci\u00f3n popular ha resuelto pasar p\u00e1gina a una etapa mal cerrada hace ocho a\u00f1os. <\/span><\/span><\/p>\n<p><span style=\"font-family: Times New Roman,serif\"><span style=\"font-size: medium\">Desde arriba, el partido tiene decidido que el candidato en Og\u00edjares sea el concejal de la capital <strong>Vicente Aguilera<\/strong>. <\/span><\/span><\/p>\n<p><span style=\"font-family: Times New Roman,serif\"><span style=\"font-size: medium\">Pero le va a costar m\u00e1s ser candidato que conquistar la escoba de plata.<\/span><\/span><\/p>\n","protected":false},"excerpt":{"rendered":"<p>PSOE y PP han montado dos gestoras en dos pueblos que ambos quisieran ganar aunque se teman que lleven las de perder. Las distintas familias del PSOE de Guadix \u2013tambi\u00e9n las familias monoparentales, que las hay\u2013 han convivido sin estridencias hasta el momento de elegir al candidato. Todo arrastra desde septiembre de 2012, cuando hubo [&hellip;]<\/p>\n","protected":false},"author":65,"featured_media":0,"comment_status":"open","ping_status":"open","sticky":false,"template":"","format":"standard","meta":{"footnotes":""},"categories":[11480],"tags":[],"class_list":["post-857","post","type-post","status-publish","format-standard","hentry","category-sin-categoria"],"_links":{"self":[{"href":"https:\/\/granadablogs.com\/rumores\/wp-json\/wp\/v2\/posts\/857","targetHints":{"allow":["GET"]}}],"collection":[{"href":"https:\/\/granadablogs.com\/rumores\/wp-json\/wp\/v2\/posts"}],"about":[{"href":"https:\/\/granadablogs.com\/rumores\/wp-json\/wp\/v2\/types\/post"}],"author":[{"embeddable":true,"href":"https:\/\/granadablogs.com\/rumores\/wp-json\/wp\/v2\/users\/65"}],"replies":[{"embeddable":true,"href":"https:\/\/granadablogs.com\/rumores\/wp-json\/wp\/v2\/comments?post=857"}],"version-history":[{"count":1,"href":"https:\/\/granadablogs.com\/rumores\/wp-json\/wp\/v2\/posts\/857\/revisions"}],"predecessor-version":[{"id":858,"href":"https:\/\/granadablogs.com\/rumores\/wp-json\/wp\/v2\/posts\/857\/revisions\/858"}],"wp:attachment":[{"href":"https:\/\/granadablogs.com\/rumores\/wp-json\/wp\/v2\/media?parent=857"}],"wp:term":[{"taxonomy":"category","embeddable":true,"href":"https:\/\/granadablogs.com\/rumores\/wp-json\/wp\/v2\/categories?post=857"},{"taxonomy":"post_tag","embeddable":true,"href":"https:\/\/granadablogs.com\/rumores\/wp-json\/wp\/v2\/tags?post=857"}],"curies":[{"name":"wp","href":"https:\/\/api.w.org\/{rel}","templated":true}]}}