{"id":860,"date":"2014-10-16T12:50:08","date_gmt":"2014-10-16T10:50:08","guid":{"rendered":"http:\/\/granadablogs.com\/rumores\/?p=860"},"modified":"2014-10-17T19:01:25","modified_gmt":"2014-10-17T17:01:25","slug":"el-protocolo-a-mano-del-ebola","status":"publish","type":"post","link":"https:\/\/granadablogs.com\/rumores\/2014\/10\/16\/el-protocolo-a-mano-del-ebola\/","title":{"rendered":"El protocolo (a mano) del \u00e9bola"},"content":{"rendered":"<p>El marido de <strong>Teresa Romero<\/strong> ha implorado justicia en nombre de su perro<strong> Excalibur<\/strong>, aunque quiz\u00e1s nos convendr\u00eda m\u00e1s pedir salud.<\/p>\n<p>No es que en Espa\u00f1a haya fallado el protocolo, es que el m\u00e9todo se est\u00e1 improvisando sobre la marcha a golpe de contagio; como en otros pa\u00edses, por otra parte. Estad\u00edsticamente y por proximidad es mucho m\u00e1s probable que el virus nos llegue indirectamente a trav\u00e9s de alguno de los m\u00e1s de 4.000 muertos en \u00c1frica, pero nos preocupan m\u00e1s los dos contagios en Estados Unidos.<\/p>\n<p>Lo m\u00e1s sensato sobre esta epidemia se lo he le\u00eddo al medico <a href=\"http:\/\/www.ideal.es\/granada\/201410\/13\/creo-ebola-llegue-granada-20141013005718.html\"><strong>Guillermo V\u00e1zquez<\/strong><\/a>, un profesional veterano que denuncia c\u00f3mo el virus se expandido durante 40 a\u00f1os sin que ning\u00fan gobernante se preocupara en exceso ni por buscar una vacuna.<\/p>\n<p><em><span style=\"color: #000000\">\u201c<span style=\"font-family: Times New Roman,serif\"><span style=\"font-size: medium\">Todos los protocolos que se han dise\u00f1ado son protocolos dise\u00f1ados para \u00c1frica. (\u2026) Pero nunca fueron pensados para aplicarse aqu\u00ed. Todo eso de que ahora se han reunido en la Uni\u00f3n Europea y est\u00e1 rectificando protocolos&#8230; directamente est\u00e1n reconociendo que un protocolo africano no sirve aqu\u00ed. En \u00c1frica, la gente no tiene term\u00f3metros, no saben que tienen fiebre. Te dicen: &#8216;Estoy caliente&#8217;. Le tomas la temperatura y tienen m\u00e1s de 38\u00ba. En Espa\u00f1a no sirve como criterio b\u00e1sico para saber si es \u00e9bola o no\u201d.<\/span><\/span> <\/span><\/em><\/p>\n<p>\u00bfCu\u00e1l es el protocolo? Pues desde dentro del servicio de Urgencias de un hospital andaluz me env\u00edan esta foto. Que cada cual saque sus conclusiones.<\/p>\n<p><span style=\"font-family: Times New Roman,serif\"><a href=\"http:\/\/granadablogs.com\/rumores\/files\/2014\/10\/ebola.jpg\"><img loading=\"lazy\" decoding=\"async\" class=\"aligncenter size-medium wp-image-861\" src=\"http:\/\/granadablogs.com\/rumores\/files\/2014\/10\/ebola-225x300.jpg\" alt=\"ebola\" width=\"225\" height=\"300\" srcset=\"https:\/\/granadablogs.com\/rumores\/files\/2014\/10\/ebola-225x300.jpg 225w, https:\/\/granadablogs.com\/rumores\/files\/2014\/10\/ebola-768x1024.jpg 768w, https:\/\/granadablogs.com\/rumores\/files\/2014\/10\/ebola.jpg 960w\" sizes=\"auto, (max-width: 225px) 100vw, 225px\" \/><\/a><\/span><\/p>\n<p>&nbsp;<\/p>\n<p>La m\u00eda es que al n\u00famero de tel\u00e9fono le falta un d\u00edgito.<\/p>\n<p>&nbsp;<\/p>\n<p><a href=\"http:\/\/twitter.com\/quicochirino\">@quicochirino<\/a><\/p>\n","protected":false},"excerpt":{"rendered":"<p>El marido de Teresa Romero ha implorado justicia en nombre de su perro Excalibur, aunque quiz\u00e1s nos convendr\u00eda m\u00e1s pedir salud. No es que en Espa\u00f1a haya fallado el protocolo, es que el m\u00e9todo se est\u00e1 improvisando sobre la marcha a golpe de contagio; como en otros pa\u00edses, por otra parte. Estad\u00edsticamente y por proximidad [&hellip;]<\/p>\n","protected":false},"author":65,"featured_media":0,"comment_status":"open","ping_status":"open","sticky":false,"template":"","format":"standard","meta":{"footnotes":""},"categories":[11480],"tags":[],"class_list":["post-860","post","type-post","status-publish","format-standard","hentry","category-sin-categoria"],"_links":{"self":[{"href":"https:\/\/granadablogs.com\/rumores\/wp-json\/wp\/v2\/posts\/860","targetHints":{"allow":["GET"]}}],"collection":[{"href":"https:\/\/granadablogs.com\/rumores\/wp-json\/wp\/v2\/posts"}],"about":[{"href":"https:\/\/granadablogs.com\/rumores\/wp-json\/wp\/v2\/types\/post"}],"author":[{"embeddable":true,"href":"https:\/\/granadablogs.com\/rumores\/wp-json\/wp\/v2\/users\/65"}],"replies":[{"embeddable":true,"href":"https:\/\/granadablogs.com\/rumores\/wp-json\/wp\/v2\/comments?post=860"}],"version-history":[{"count":5,"href":"https:\/\/granadablogs.com\/rumores\/wp-json\/wp\/v2\/posts\/860\/revisions"}],"predecessor-version":[{"id":866,"href":"https:\/\/granadablogs.com\/rumores\/wp-json\/wp\/v2\/posts\/860\/revisions\/866"}],"wp:attachment":[{"href":"https:\/\/granadablogs.com\/rumores\/wp-json\/wp\/v2\/media?parent=860"}],"wp:term":[{"taxonomy":"category","embeddable":true,"href":"https:\/\/granadablogs.com\/rumores\/wp-json\/wp\/v2\/categories?post=860"},{"taxonomy":"post_tag","embeddable":true,"href":"https:\/\/granadablogs.com\/rumores\/wp-json\/wp\/v2\/tags?post=860"}],"curies":[{"name":"wp","href":"https:\/\/api.w.org\/{rel}","templated":true}]}}