{"id":872,"date":"2014-10-22T14:17:24","date_gmt":"2014-10-22T12:17:24","guid":{"rendered":"http:\/\/granadablogs.com\/rumores\/?p=872"},"modified":"2014-10-22T14:18:14","modified_gmt":"2014-10-22T12:18:14","slug":"un-amigo-en-comision-de-servicios","status":"publish","type":"post","link":"https:\/\/granadablogs.com\/rumores\/2014\/10\/22\/un-amigo-en-comision-de-servicios\/","title":{"rendered":"Un \u00abamigo\u00bb en comisi\u00f3n de servicios"},"content":{"rendered":"<p>Me dice uno de los compinches de mi cr\u00f3nica dominical que la de esta semana le devolvi\u00f3 a la cama. Aunque a veces me pierdo en las indirectas, cre\u00ed captar que le aburri\u00f3 tanto como una reuni\u00f3n a media tarde. Promet\u00ed desquitarme esta semana, aunque como empiece a perder\u00a0los pocos seguidores que conservo tendr\u00e9 que entregarme a la desesperada a la cr\u00f3nica rosa (pol\u00edtica), de la que tengo un par de chascarrillos que no intentar\u00e9 confirmar por si acaso fuesen mentira.<\/p>\n<p>Mientras tanto, reproducir\u00e9 la del pasado domingo por si a alguno le merece la pena recordarla. Aunque sea por el dibujo.<\/p>\n<p><a href=\"http:\/\/granadablogs.com\/rumores\/files\/2014\/10\/Imagen-ilustracion-quico.jpg\"><img loading=\"lazy\" decoding=\"async\" class=\"aligncenter size-medium wp-image-873\" src=\"http:\/\/granadablogs.com\/rumores\/files\/2014\/10\/Imagen-ilustracion-quico-177x300.jpg\" alt=\"DOCU_DVA\" width=\"177\" height=\"300\" srcset=\"https:\/\/granadablogs.com\/rumores\/files\/2014\/10\/Imagen-ilustracion-quico-177x300.jpg 177w, https:\/\/granadablogs.com\/rumores\/files\/2014\/10\/Imagen-ilustracion-quico-604x1024.jpg 604w\" sizes=\"auto, (max-width: 177px) 100vw, 177px\" \/><\/a><\/p>\n<p>A veces, injustamente, decimos de la pol\u00edtica que resulta extremadamente lenta. Aqu\u00ed viene un ejemplo de que hay cosas que se pueden resolver en una sola ma\u00f1ana.<\/p>\n<p>Desde que hace tres a\u00f1os la concejala socialista <strong>Anabella Camacho<\/strong> se convirtiera en tr\u00e1nsfuga, el Consistorio de Santa Fe es m\u00e1s conocido por sus tribulaciones que por las capitulaciones. El PSOE -que se qued\u00f3 en minor\u00eda- apenas si ha podido gobernar el municipio. Adem\u00e1s, al alcalde anterior, <strong>Sergio Bueno<\/strong>, y al actual, <strong>Jos\u00e9 Mar\u00eda Aponte<\/strong>, le han crecido los enemigos; que son los mismos pero incombustibles. Fuera del Ayuntamiento \u2013el matrimonio de la gr\u00faa que lo mismo se sube al tejado para reclamar una deuda que acude al juzgado\u2013 y dentro, el concejal popular <strong>Juan Cobo<\/strong>, un especialista en poner la luz sobre las sombras \u2013de la sospecha, se entiende\u2013.<\/p>\n<p>A la complicada situaci\u00f3n econ\u00f3mica, pol\u00edtica y a ratos tambi\u00e9n judicial, se sum\u00f3 la ausencia de secretario durante cinco meses, lo que provoc\u00f3 que entre el mes de enero y el de mayo ni se pudieran celebrar plenos ni juntas de gobierno, lamenta Aponte. Tambi\u00e9n se dio de baja el t\u00e9cnico de administraci\u00f3n general adscrito a la secretar\u00eda \u2013el n\u00famero dos\u2013, lo que origin\u00f3 que no se concediera ni una simple licencia de obra porque nadie hac\u00eda el informe jur\u00eddico.<\/p>\n<p>El 9 de junio el todav\u00eda alcalde Sergio Bueno abri\u00f3 un proceso para seleccionar a un funcionario interino que cubriese uno de los huecos en la secretar\u00eda por \u00abnecesidad urgente e inaplazable\u00bb. \u00a0La selecci\u00f3n se iba a hacer por concurso-oposici\u00f3n, con un temario de 90 temas.<\/p>\n<p>Sin embargo, la necesidad \u00aburgente e inaplazable\u00bb se termin\u00f3 resolviendo a final de agosto. Por medio, el 25 de junio, Sergio Bueno cedi\u00f3 la alcald\u00eda a Jos\u00e9 Mar\u00eda Aponte.<br \/>\nEl 29 de agosto tiene entrada en el registro del Ayuntamiento una instancia en la que un funcionario de Hu\u00e9scar solicita cubrir la plaza de t\u00e9cnico de administraci\u00f3n general en comisi\u00f3n de servicios. Se trata de<strong> Jes\u00fas Huertas<\/strong>, el que fuera alcalde de Peligros, delegado del Gobierno andaluz en Granada y que despu\u00e9s ocup\u00f3 cargos directivos con <strong>Rosa Aguilar<\/strong>, tanto en la Consejer\u00eda de Obras P\u00fablicas como en el Ministerio de Medio Ambiente. Tras la derrota de Zapatero en 2011, el PSOE no repesc\u00f3 Huertas para ning\u00fan otro destino y regres\u00f3 a su plaza en el Ayuntamiento de Hu\u00e9scar. A diferencia de otros, Jes\u00fas s\u00ed tiene donde volver.<\/p>\n<p>El secretario accidental de Santa Fe emite un informe el 29 de agosto en el que, en un p\u00e1rrafo, viene a decir que, en plenas vacaciones, no pod\u00eda ni estudiar ni valorar la solicitud de Jes\u00fas Huertas. No obstante, Jos\u00e9 Mar\u00eda Aponte decidi\u00f3 esa misma ma\u00f1ana que la petici\u00f3n reun\u00eda todos los requisitos legales \u2013ven\u00eda acompa\u00f1ada de una resoluci\u00f3n del Ayuntamiento de Hu\u00e9scar\u2013 e incorpor\u00f3 en comisi\u00f3n de servicios a Huertas, que tom\u00f3 posesi\u00f3n el 1 de septiembre. Sobre la marcha, tambi\u00e9n se anul\u00f3 el expediente que hab\u00eda abierto para cubrir la plaza con un interino.<\/p>\n<p>Hasta aqu\u00ed lo sucedido y ahora la cr\u00edtica y la defensa; que podr\u00edan ser la misma. Para el PP se ha tratado de un \u00abcontrataci\u00f3n expr\u00e9s\u00bb. Tambi\u00e9n para el alcalde, que justifica que tiene \u00abmuy poco tiempo\u00bb de aqu\u00ed a mayo para hacer \u00abmuchas cosas\u00bb y hay demasiado trabajo acumulado.<\/p>\n<p>El popular Juan Cobo considera que la incorporaci\u00f3n de Jes\u00fas Huertas se produce para \u00abpagar favores\u00bb y por ser ex alto cargo socialista: \u00abHa sido por dedocracia. La comisi\u00f3n de servicios es legal pero debe ser el \u00faltimo recurso. Hab\u00eda otros solicitantes pero se paraliz\u00f3 el concurso para traerse a un amigo del PSOE. Se ha incumplido el reglamento interno del Ayuntamiento\u00bb. Jos\u00e9 Mar\u00eda Aponte no niega la relaci\u00f3n entre ambos: \u00abEs mi amigo, no me voy a esconder. Pero no viene para un puesto de libre designaci\u00f3n, es funcionario. \u00bfCu\u00e1l es el problema? \u00bfQue se llama Jes\u00fas Huertas? Si el PP ve algo raro en alg\u00fan informe que lo denuncie. Lo conozco, habl\u00e9 con el alcalde de Hu\u00e9scar y viene en comisi\u00f3n de servicios. El expediente es perfecto\u00bb.<\/p>\n<p>Queda de demostrado pues que un pol\u00edtico es capaz de resolver un problema en una ma\u00f1ana.<\/p>\n<p><strong>GANEMOS GRANADA, A LA ESPERA DE PODEMOS<\/strong><br \/>\nEl jueves 9 de octubre\u00a0por la tarde se reuni\u00f3 otra vez la asamblea de Ganemos Granada, esta vez en el instituto Hermenegildo Lanz. \u00bfAvances? Por ahora pocos. \u00abEstos procesos son lentos\u00bb, argumenta uno de los presentes.<\/p>\n<p>A\u00fan siguen inmersos en la configuraci\u00f3n de grupos de trabajo y la elaboraci\u00f3n de manifiestos \u2013que vienen a ser como los observatorios\u2013, sin concretar si se presentar\u00e1n a las pr\u00f3ximas elecciones municipales y, sobre todo, de qu\u00e9 forma para que los votos cuenten para la\u00a0Diputaci\u00f3n. Eso no significa que su objetivo final siga siendo el mismo: aglutinar el voto de izquierda disperso en plataformas variopintas \u2013tan habituales en esta ciudad\u2013 y formaciones minoritarias. Y que el punto de mira est\u00e1 puesto en el 25 de mayo.<\/p>\n<p>A este movimiento sopesa sumarse IU. De hecho, en la reuni\u00f3n del jueves volvieron a participar los dos concejales de la capital, <strong>Francisco Puentedura<\/strong> y <strong>Maite Molina<\/strong>, adem\u00e1s de otros militantes destacados, como quien encabez\u00f3 la lista al Congreso por Granada, <strong>Ra\u00fal Garc\u00eda<\/strong>. Tambi\u00e9n estuvieron, a t\u00edtulo individual, algunos componentes de los c\u00edrculos de Podemos en Granada, aunque el grupo de Pablo Iglesias a\u00fan no ha decidido si concurrir\u00e1 como marca propia en los comicios de mayo de 2015.<\/p>\n<p>Uno de los c\u00edrculos que quieren presentarse con sus siglas es, precisamente, el de Granada. Ese es un motivo por el que la plataforma Ganemos no avanza tan r\u00e1pido como se podr\u00eda esperar. En la reuni\u00f3n del jueves se debati\u00f3 la fecha de unas primarias abiertas. Unos defendieron que se celebrasen antes de Navidad y otros apostaron por marzo; precisamente, para esperar a ver qu\u00e9 sucede con Podemos.<\/p>\n<p>La asamblea de Ganemos volver\u00e1 a reunirse en 15 d\u00edas. Entonces pretenden tener elaborado un c\u00f3digo \u00e9tico y definir el calendario para presentarse a las municipales.<\/p>\n","protected":false},"excerpt":{"rendered":"<p>Me dice uno de los compinches de mi cr\u00f3nica dominical que la de esta semana le devolvi\u00f3 a la cama. Aunque a veces me pierdo en las indirectas, cre\u00ed captar que le aburri\u00f3 tanto como una reuni\u00f3n a media tarde. Promet\u00ed desquitarme esta semana, aunque como empiece a perder\u00a0los pocos seguidores que conservo tendr\u00e9 que [&hellip;]<\/p>\n","protected":false},"author":65,"featured_media":0,"comment_status":"open","ping_status":"open","sticky":false,"template":"","format":"standard","meta":{"footnotes":""},"categories":[11480],"tags":[],"class_list":["post-872","post","type-post","status-publish","format-standard","hentry","category-sin-categoria"],"_links":{"self":[{"href":"https:\/\/granadablogs.com\/rumores\/wp-json\/wp\/v2\/posts\/872","targetHints":{"allow":["GET"]}}],"collection":[{"href":"https:\/\/granadablogs.com\/rumores\/wp-json\/wp\/v2\/posts"}],"about":[{"href":"https:\/\/granadablogs.com\/rumores\/wp-json\/wp\/v2\/types\/post"}],"author":[{"embeddable":true,"href":"https:\/\/granadablogs.com\/rumores\/wp-json\/wp\/v2\/users\/65"}],"replies":[{"embeddable":true,"href":"https:\/\/granadablogs.com\/rumores\/wp-json\/wp\/v2\/comments?post=872"}],"version-history":[{"count":2,"href":"https:\/\/granadablogs.com\/rumores\/wp-json\/wp\/v2\/posts\/872\/revisions"}],"predecessor-version":[{"id":875,"href":"https:\/\/granadablogs.com\/rumores\/wp-json\/wp\/v2\/posts\/872\/revisions\/875"}],"wp:attachment":[{"href":"https:\/\/granadablogs.com\/rumores\/wp-json\/wp\/v2\/media?parent=872"}],"wp:term":[{"taxonomy":"category","embeddable":true,"href":"https:\/\/granadablogs.com\/rumores\/wp-json\/wp\/v2\/categories?post=872"},{"taxonomy":"post_tag","embeddable":true,"href":"https:\/\/granadablogs.com\/rumores\/wp-json\/wp\/v2\/tags?post=872"}],"curies":[{"name":"wp","href":"https:\/\/api.w.org\/{rel}","templated":true}]}}