{"id":877,"date":"2014-10-27T19:07:33","date_gmt":"2014-10-27T18:07:33","guid":{"rendered":"http:\/\/granadablogs.com\/rumores\/?p=877"},"modified":"2014-10-27T21:45:00","modified_gmt":"2014-10-27T20:45:00","slug":"38-politicos-en-fila-india","status":"publish","type":"post","link":"https:\/\/granadablogs.com\/rumores\/2014\/10\/27\/38-politicos-en-fila-india\/","title":{"rendered":"38 pol\u00edticos en fila india"},"content":{"rendered":"<p><a href=\"http:\/\/granadablogs.com\/rumores\/files\/2014\/10\/fila1-e1414435146360.jpg\"><img loading=\"lazy\" decoding=\"async\" class=\"aligncenter  wp-image-882\" src=\"http:\/\/granadablogs.com\/rumores\/files\/2014\/10\/fila1-e1414435146360-1024x422.jpg\" alt=\"fila\" width=\"660\" height=\"272\" srcset=\"https:\/\/granadablogs.com\/rumores\/files\/2014\/10\/fila1-e1414435146360-1024x422.jpg 1024w, https:\/\/granadablogs.com\/rumores\/files\/2014\/10\/fila1-e1414435146360-300x123.jpg 300w, https:\/\/granadablogs.com\/rumores\/files\/2014\/10\/fila1-e1414435146360.jpg 1862w\" sizes=\"auto, (max-width: 660px) 100vw, 660px\" \/><\/a><\/p>\n<p>La ministra de Fomento ha visitado esta ma\u00f1ana las obras de la A-7 entre la Gorgoracha y Puntal\u00f3n, seis kil\u00f3metros de asfalto que se espera que est\u00e9n acabados en abril, un mes antes de las municipales.<\/p>\n<p>Ya se sabe que una campa\u00f1a electoral es ese momento en el que los pol\u00edticos prometen cosas que algunas veces se cumplen en v\u00edsperas de las siguientes elecciones.<\/p>\n<p>El caso es que para recibir a <strong>Ana Pastor<\/strong> han formado en fila india y de indios -por no discriminar-, al menos, una pl\u00e9yade de 38 pol\u00edticos, dirigentes y cargos de confianza identificables -con o sin gafas de sol-.<\/p>\n<p>Siete alcaldes, cinco diputados y senadores, el portavoz de la Diputaci\u00f3n, ocho concejales del Ayuntamiento de Motril&#8230; En definitiva, y a expensas de conocer qui\u00e9nes aguardaban resguardados dentro de los coches, solo faltaban el peque\u00f1o <strong>Nicol\u00e1s<\/strong> y la <strong>Pechotes<\/strong>. Va a resultar que la gallega era en realidad la ministra del Fomento de amistades.<\/p>\n<p>En total, una media de un pol\u00edtico por cada 150 metros del tramo de autov\u00eda al que se giraba visita. Un hito a la altura de la <a href=\"http:\/\/granadablogs.com\/rumores\/2013\/10\/14\/la-rotonda-de-los-14-politicos\/\">rotonda de los 14<\/a>.<\/p>\n<p>Quiz\u00e1s Ana Pastor haya experimentado al apearse del coche oficial una sensaci\u00f3n similar a la del chaval\u00edn que no quiere entrar al patio del colegi\u00f3 por miedo a que le arreen un cosqui.<\/p>\n<p>Pero, seg\u00fan dicen, fue alguien del gabinete de la ministra quien pidi\u00f3 que se organizaran en formaci\u00f3n marcial para recibirle; aunque tal y como est\u00e1 la cosa no conviene demasiado sacar la mano de un bolsillo para saludar a un pol\u00edtico, no vaya a ser que te birlen la cartera. Resulta menos peligroso, incluso, invitar a comer a un periodista.<\/p>\n<p>Me cuentan que alguno ha disputado con notable esfuerzo los primeros puestos del besamanos con un <em>torrente<\/em> impetuoso. Pero de todos ellos, quien verdaderamente me llama la atenci\u00f3n es ese pol\u00edtico discreto que posa de espaldas, con las manos cruzadas, queriendo pasar desapercibido en la hilera de aduladores.<\/p>\n<p>Puestos a elucubrar sobre su identidad me da que se trata de <strong>Juan Ram\u00f3n Ferreira<\/strong>, este otro que aparece sonriente tras la secretaria general del PP andaluz, <strong>Loles L\u00f3pe<\/strong>z, en esta foto que se filtr\u00f3 por whatsapp y que tantas cr\u00edticas ha suscitado.<\/p>\n<p><a href=\"http:\/\/granadablogs.com\/rumores\/files\/2014\/10\/loles.jpg\"><img loading=\"lazy\" decoding=\"async\" class=\"aligncenter size-medium wp-image-879\" src=\"http:\/\/granadablogs.com\/rumores\/files\/2014\/10\/loles-300x225.jpg\" alt=\"loles\" width=\"300\" height=\"225\" srcset=\"https:\/\/granadablogs.com\/rumores\/files\/2014\/10\/loles-300x225.jpg 300w, https:\/\/granadablogs.com\/rumores\/files\/2014\/10\/loles.jpg 1024w\" sizes=\"auto, (max-width: 300px) 100vw, 300px\" \/><\/a><\/p>\n<p>No es que los ciudadanos no comprendan que sus pol\u00edticos se relajen y agiten los brazos al comp\u00e1s de Asturias patria querida.<\/p>\n<p>Lo que fastidia es ver que, si los que pierden se lo pasan as\u00ed de bien, c\u00f3mo no vivir\u00e1n los que ganan.<\/p>\n<p>&nbsp;<\/p>\n<p><em>Foto autov\u00eda: <a href=\"https:\/\/twitter.com\/fjmartinf\">Javier Mart\u00edn<\/a><\/em><\/p>\n<p><a href=\"http:\/\/twitter.com\/quicochirino\">@quicochirino<\/a><\/p>\n","protected":false},"excerpt":{"rendered":"<p>La ministra de Fomento ha visitado esta ma\u00f1ana las obras de la A-7 entre la Gorgoracha y Puntal\u00f3n, seis kil\u00f3metros de asfalto que se espera que est\u00e9n acabados en abril, un mes antes de las municipales. Ya se sabe que una campa\u00f1a electoral es ese momento en el que los pol\u00edticos prometen cosas que algunas [&hellip;]<\/p>\n","protected":false},"author":65,"featured_media":0,"comment_status":"open","ping_status":"open","sticky":false,"template":"","format":"standard","meta":{"footnotes":""},"categories":[11480],"tags":[],"class_list":["post-877","post","type-post","status-publish","format-standard","hentry","category-sin-categoria"],"_links":{"self":[{"href":"https:\/\/granadablogs.com\/rumores\/wp-json\/wp\/v2\/posts\/877","targetHints":{"allow":["GET"]}}],"collection":[{"href":"https:\/\/granadablogs.com\/rumores\/wp-json\/wp\/v2\/posts"}],"about":[{"href":"https:\/\/granadablogs.com\/rumores\/wp-json\/wp\/v2\/types\/post"}],"author":[{"embeddable":true,"href":"https:\/\/granadablogs.com\/rumores\/wp-json\/wp\/v2\/users\/65"}],"replies":[{"embeddable":true,"href":"https:\/\/granadablogs.com\/rumores\/wp-json\/wp\/v2\/comments?post=877"}],"version-history":[{"count":7,"href":"https:\/\/granadablogs.com\/rumores\/wp-json\/wp\/v2\/posts\/877\/revisions"}],"predecessor-version":[{"id":888,"href":"https:\/\/granadablogs.com\/rumores\/wp-json\/wp\/v2\/posts\/877\/revisions\/888"}],"wp:attachment":[{"href":"https:\/\/granadablogs.com\/rumores\/wp-json\/wp\/v2\/media?parent=877"}],"wp:term":[{"taxonomy":"category","embeddable":true,"href":"https:\/\/granadablogs.com\/rumores\/wp-json\/wp\/v2\/categories?post=877"},{"taxonomy":"post_tag","embeddable":true,"href":"https:\/\/granadablogs.com\/rumores\/wp-json\/wp\/v2\/tags?post=877"}],"curies":[{"name":"wp","href":"https:\/\/api.w.org\/{rel}","templated":true}]}}