{"id":890,"date":"2014-11-04T13:28:06","date_gmt":"2014-11-04T12:28:06","guid":{"rendered":"http:\/\/granadablogs.com\/rumores\/?p=890"},"modified":"2014-11-04T13:28:28","modified_gmt":"2014-11-04T12:28:28","slug":"memoria-del-chirimoyo-de-oro","status":"publish","type":"post","link":"https:\/\/granadablogs.com\/rumores\/2014\/11\/04\/memoria-del-chirimoyo-de-oro\/","title":{"rendered":"Memoria del chirimoyo de oro"},"content":{"rendered":"<p>El PP granadino nombrar\u00e1 a la ministra<strong> Ana Pastor<\/strong> presidenta de honor del partido en la provincia; igual que <strong>Jos\u00e9 Mar\u00eda Aznar<\/strong> lo es a nivel nacional.<\/p>\n<p>Normalmente, estos cargos te los suelen dar cuando tienes tiempo libre para llevar a los nietos al parque o para hacer abdominales. Pero el m\u00e9rito de la titular de Fomento, seg\u00fan ha explicado <strong>Sebasti\u00e1n P\u00e9rez<\/strong>, ha sido su \u201ccompromiso firme y rotundo\u201d con las infraestructuras que est\u00e1n pendientes en Granada.<\/p>\n<p>Ha sido Ana Pastor quien ha prometido que el AVE llegar\u00e1 a esta provincia -aunque sea con una sola v\u00eda, en superficie por La Chana y con una estaci\u00f3n provisional-; la que ha puesto fecha a la culminaci\u00f3n de la A7 -coincidiendo con las elecciones-; y la que ha retomado las obras de la segunda circunvalaci\u00f3n -aunque haya tenido que recurrir a la inversi\u00f3n privada-.<\/p>\n<p>\u00bfSon m\u00e9ritos suficientes para otorgarle tan solemne distinci\u00f3n? En esta tierra estamos acostumbrados a ahogarnos en vasos medio vac\u00edos y el honor, al fin y al cabo, es una cuesti\u00f3n demasiado subjetiva.<\/p>\n<p>Probablemente, Ana Pastor corte la cinta de obras que tendr\u00edan que estar acabadas hace una d\u00e9cada. Pero mejor ser cautos.<\/p>\n<p>Conviene recordar que a la exministra<strong> Magdalena \u00c1lvarez<\/strong> tambi\u00e9n le dieron en 2004 el premio Postiguillo de la Costa. Algo as\u00ed como el chirimoyo de oro por, seg\u00fan estim\u00f3 el jurado que presid\u00eda el entonces alcalde motrile\u00f1o<strong> Pedro \u00c1lvarez<\/strong>, \u201cdar fechas concretas para la finalizaci\u00f3n de las obras de la autov\u00eda y asegurar que en 2005 estar\u00e1n licitados y adjudicados todos los tramos del trayecto Nerja-Adra; y por el anuncio de la conexi\u00f3n ferroviaria de M\u00e1laga con Motril\u201d.<\/p>\n<p>Estamos rodeados de medallistas y despu\u00e9s solo a La Pantoja le obligan a devolver su medalla.<\/p>\n<p><a href=\"http:\/\/granadablogs.com\/rumores\/files\/2014\/11\/postiguillo.jpg\"><img loading=\"lazy\" decoding=\"async\" class=\"aligncenter size-medium wp-image-891\" src=\"http:\/\/granadablogs.com\/rumores\/files\/2014\/11\/postiguillo-300x200.jpg\" alt=\"postiguillo\" width=\"300\" height=\"200\" srcset=\"https:\/\/granadablogs.com\/rumores\/files\/2014\/11\/postiguillo-300x200.jpg 300w, https:\/\/granadablogs.com\/rumores\/files\/2014\/11\/postiguillo-1024x684.jpg 1024w\" sizes=\"auto, (max-width: 300px) 100vw, 300px\" \/><\/a><\/p>\n<p>&nbsp;<\/p>\n<p>Foto: <strong>Ram\u00f3n L. P\u00e9rez<\/strong><\/p>\n<p><a href=\"https:\/\/twitter.com\/quicochirino\">@quicochirino<\/a><\/p>\n<p>&nbsp;<\/p>\n","protected":false},"excerpt":{"rendered":"<p>El PP granadino nombrar\u00e1 a la ministra Ana Pastor presidenta de honor del partido en la provincia; igual que Jos\u00e9 Mar\u00eda Aznar lo es a nivel nacional. Normalmente, estos cargos te los suelen dar cuando tienes tiempo libre para llevar a los nietos al parque o para hacer abdominales. Pero el m\u00e9rito de la titular [&hellip;]<\/p>\n","protected":false},"author":65,"featured_media":0,"comment_status":"open","ping_status":"open","sticky":false,"template":"","format":"standard","meta":{"footnotes":""},"categories":[11480],"tags":[],"class_list":["post-890","post","type-post","status-publish","format-standard","hentry","category-sin-categoria"],"_links":{"self":[{"href":"https:\/\/granadablogs.com\/rumores\/wp-json\/wp\/v2\/posts\/890","targetHints":{"allow":["GET"]}}],"collection":[{"href":"https:\/\/granadablogs.com\/rumores\/wp-json\/wp\/v2\/posts"}],"about":[{"href":"https:\/\/granadablogs.com\/rumores\/wp-json\/wp\/v2\/types\/post"}],"author":[{"embeddable":true,"href":"https:\/\/granadablogs.com\/rumores\/wp-json\/wp\/v2\/users\/65"}],"replies":[{"embeddable":true,"href":"https:\/\/granadablogs.com\/rumores\/wp-json\/wp\/v2\/comments?post=890"}],"version-history":[{"count":1,"href":"https:\/\/granadablogs.com\/rumores\/wp-json\/wp\/v2\/posts\/890\/revisions"}],"predecessor-version":[{"id":892,"href":"https:\/\/granadablogs.com\/rumores\/wp-json\/wp\/v2\/posts\/890\/revisions\/892"}],"wp:attachment":[{"href":"https:\/\/granadablogs.com\/rumores\/wp-json\/wp\/v2\/media?parent=890"}],"wp:term":[{"taxonomy":"category","embeddable":true,"href":"https:\/\/granadablogs.com\/rumores\/wp-json\/wp\/v2\/categories?post=890"},{"taxonomy":"post_tag","embeddable":true,"href":"https:\/\/granadablogs.com\/rumores\/wp-json\/wp\/v2\/tags?post=890"}],"curies":[{"name":"wp","href":"https:\/\/api.w.org\/{rel}","templated":true}]}}