{"id":893,"date":"2014-11-10T14:42:46","date_gmt":"2014-11-10T13:42:46","guid":{"rendered":"http:\/\/granadablogs.com\/rumores\/?p=893"},"modified":"2014-11-10T14:42:46","modified_gmt":"2014-11-10T13:42:46","slug":"el-psoe-de-salobrena-y-el-espia-sordo","status":"publish","type":"post","link":"https:\/\/granadablogs.com\/rumores\/2014\/11\/10\/el-psoe-de-salobrena-y-el-espia-sordo\/","title":{"rendered":"El PSOE de Salobre\u00f1a y el esp\u00eda sordo"},"content":{"rendered":"<p>El viernes publicamos en IDEAL que un sector del PSOE de Salobre\u00f1a ha dado la espalda al alcalde socialista, <strong>Gonzalo Fern\u00e1ndez Pulido<\/strong>. Una conclusi\u00f3n a la que podr\u00eda llegar cualquiera -excepto el propio Gonzalo- con tan solo repasar los \u00faltimos acontecimientos que han trascendido p\u00fablicamente:\u00a0dimitieron\u00a0cuatro concejales de su gobierno y tanto alcalde como la cuerda que le apoya han tenido listas alternativas en la mayor\u00eda de los procesos internos.<\/p>\n<p>Luego est\u00e1 lo que sus compa\u00f1eros cuentan en privado, que si se lo conf\u00edan a un periodista es un off the record y cuando lo comentan en la barra de un bar es vox populi; vox de la Villa, en este caso.<\/p>\n<p>Antes de publicar nada se ofreci\u00f3 a Gonzalo Fern\u00e1ndez la posibilidad de replicar la informaci\u00f3n, pero el alcalde no quiso. Y ahora viene lo bueno; la caza de brujas -y brujos-, las bravuconadas, la pataleta del p\u00e1rvulo al que le han quitado el bocadillo en el patio del colegio.<\/p>\n<p>El comit\u00e9 ejecutivo del PSOE de Salobre\u00f1a se reuni\u00f3 de urgencia para analizar las cr\u00edticas. Despu\u00e9s, redact\u00f3\u00a0un comunicado con algunos p\u00e1rrafos que merece la pena reproducir. Supongo que a los pr\u00f3ceres socialistas, esos que enarbolan la bandera de la transparencia y libertad de expresi\u00f3n, les gustar\u00e1 conocer las motivaciones que mueven a un sector de sus compa\u00f1eros salobre\u00f1eros.<\/p>\n<p>Por una parte, el partido crear\u00e1 una <em>\u201ccomisi\u00f3n de investigaci\u00f3n\u201d<\/em> para <em>\u201caveriguar la fuente\u201d<\/em> que habl\u00f3 con el medio de comunicaci\u00f3n: <strong>\u201cUna vez esclarecido el\/la autor\/a de este hecho ser\u00e1 expulsado de manera inmediata de las filas socialistas a la que no es digno\/a de pertenecer\u201d.<\/strong><\/p>\n<p>A ver, paro de re\u00edrme y reflexiono.<\/p>\n<p>Resulta que Gonzalo y los suyos han descubierto ahora que en pol\u00edtica hay filtradores que hablan con los peri\u00f3dicos para disparar con fuego amigo; acaban de percatarse\u00a0de que los periodistas y los pol\u00edticos no son angelitos -aunque algunos tampoco tengan demasiado sexo-.<\/p>\n<p>\u00bfO es que Gonzalo no ha llamado nunca a un medio de comunicaci\u00f3n para criticar desde el anonimato a un compa\u00f1ero? \u00bfO acaso solo vale recurrir a este m\u00e9todo cuando se ataca al contrario?<\/p>\n<p>Por otra parte, si los agentes del servicio de inteligencia del PSOE salobre\u00f1ero a\u00fan no han identificado a ni uno solo de los que andan despotricando del alcalde es que tienen menos futuro que un esp\u00eda sordo.<\/p>\n<p>Me levanto del suelo, que he terminado haciendo la croqueta a golpe de carcajadas, y les transcribo este otro p\u00e1rrafo:<\/p>\n<p><strong>\u201cEste hecho se pondr\u00e1 en conocimiento de los servicios jur\u00eddicos del partido para que, ante los da\u00f1os realizados a la imagen del mismo, se inicien medias judiciales pertinentes contra el medio que ha dado cobertura a estas manifestaciones (\u2026) en tanto y en cuanto no desvele la fuente\u201d.<\/strong><\/p>\n<p>Es decir, que no niegan que lo contado sea verdad, lo \u00fanico que les fastidia es que se sepa. Adem\u00e1s, amenazan al peri\u00f3dico con denunciarle si no le sirve en bandeja la cabeza del chivato para que el alcalde pueda colgarla -metaf\u00f3ricamente- a modo de trofeo en su despacho.<\/p>\n<p>El buen periodista nunca desvela sus fuentes; el buen pol\u00edtico aprende de la cr\u00edtica; y solo los malos y los dictadores se afanan por silenciarla.<\/p>\n<p>Y estoy convencido de que Gonzalo quiere ser un buen pol\u00edtico.<\/p>\n","protected":false},"excerpt":{"rendered":"<p>El viernes publicamos en IDEAL que un sector del PSOE de Salobre\u00f1a ha dado la espalda al alcalde socialista, Gonzalo Fern\u00e1ndez Pulido. Una conclusi\u00f3n a la que podr\u00eda llegar cualquiera -excepto el propio Gonzalo- con tan solo repasar los \u00faltimos acontecimientos que han trascendido p\u00fablicamente:\u00a0dimitieron\u00a0cuatro concejales de su gobierno y tanto alcalde como la cuerda [&hellip;]<\/p>\n","protected":false},"author":65,"featured_media":0,"comment_status":"open","ping_status":"open","sticky":false,"template":"","format":"standard","meta":{"footnotes":""},"categories":[11480],"tags":[],"class_list":["post-893","post","type-post","status-publish","format-standard","hentry","category-sin-categoria"],"_links":{"self":[{"href":"https:\/\/granadablogs.com\/rumores\/wp-json\/wp\/v2\/posts\/893","targetHints":{"allow":["GET"]}}],"collection":[{"href":"https:\/\/granadablogs.com\/rumores\/wp-json\/wp\/v2\/posts"}],"about":[{"href":"https:\/\/granadablogs.com\/rumores\/wp-json\/wp\/v2\/types\/post"}],"author":[{"embeddable":true,"href":"https:\/\/granadablogs.com\/rumores\/wp-json\/wp\/v2\/users\/65"}],"replies":[{"embeddable":true,"href":"https:\/\/granadablogs.com\/rumores\/wp-json\/wp\/v2\/comments?post=893"}],"version-history":[{"count":1,"href":"https:\/\/granadablogs.com\/rumores\/wp-json\/wp\/v2\/posts\/893\/revisions"}],"predecessor-version":[{"id":894,"href":"https:\/\/granadablogs.com\/rumores\/wp-json\/wp\/v2\/posts\/893\/revisions\/894"}],"wp:attachment":[{"href":"https:\/\/granadablogs.com\/rumores\/wp-json\/wp\/v2\/media?parent=893"}],"wp:term":[{"taxonomy":"category","embeddable":true,"href":"https:\/\/granadablogs.com\/rumores\/wp-json\/wp\/v2\/categories?post=893"},{"taxonomy":"post_tag","embeddable":true,"href":"https:\/\/granadablogs.com\/rumores\/wp-json\/wp\/v2\/tags?post=893"}],"curies":[{"name":"wp","href":"https:\/\/api.w.org\/{rel}","templated":true}]}}