{"id":896,"date":"2014-11-12T18:46:23","date_gmt":"2014-11-12T17:46:23","guid":{"rendered":"http:\/\/granadablogs.com\/rumores\/?p=896"},"modified":"2014-11-12T19:22:17","modified_gmt":"2014-11-12T18:22:17","slug":"alpujarra-entre-la-conspiracion-y-la-chapuza","status":"publish","type":"post","link":"https:\/\/granadablogs.com\/rumores\/2014\/11\/12\/alpujarra-entre-la-conspiracion-y-la-chapuza\/","title":{"rendered":"Alpujarra, entre la conspiraci\u00f3n y la chapuza"},"content":{"rendered":"<p><strong><a href=\"http:\/\/granadablogs.com\/rumores\/files\/2014\/11\/tarifa.jpg\"><img loading=\"lazy\" decoding=\"async\" class=\"aligncenter size-medium wp-image-898\" src=\"http:\/\/granadablogs.com\/rumores\/files\/2014\/11\/tarifa-300x199.jpg\" alt=\"Dimite el diputado de turismo de la Diputaci\u00f3n de Granada  Foto: Ram\" width=\"300\" height=\"199\" srcset=\"https:\/\/granadablogs.com\/rumores\/files\/2014\/11\/tarifa-300x199.jpg 300w, https:\/\/granadablogs.com\/rumores\/files\/2014\/11\/tarifa.jpg 800w\" sizes=\"auto, (max-width: 300px) 100vw, 300px\" \/><\/a><\/strong><\/p>\n<p><strong>\u00abMe siento traicionado por unos compa\u00f1eros que no conozco demasiado\u00bb.<\/strong> Fue el lamento que dej\u00f3 <strong>Paco Tarifa<\/strong> tras anunciar el martes una dimisi\u00f3n que nadie hab\u00eda reclamado p\u00fablicamente; ni siquiera el PSOE.<\/p>\n<p>Resulta cuando menos curioso que el d\u00eda en el que el <strong>juez Ruz<\/strong> apuntaba que el PP se lucr\u00f3 supuestamente de la trama G\u00fcrtel; la misma jornada que <strong>Mercedes Alaya<\/strong> tiraba del hilo de la madeja de la corrupci\u00f3n para detener a otra treintena de presuntos comisionistas y trincones; la ma\u00f1ana en la que el vicealcalde de Valencia se atrincheraba a su sill\u00f3n pese a estar cada vez m\u00e1s cerca del banquillo por el caso Noos; ese mismo martes que la Fiscal\u00eda anticip\u00f3 la denuncia contra <strong>Artur Mas<\/strong>, solo dimitiera un diputado de provincias por la revuelta de unos cuantos concejales.<\/p>\n<p>Es evidente que Paco Tarifa no se ha\u00a0marchado\u00a0tan solo por esto. De hecho, gran parte del expediente lo llevan otras dos personas.<\/p>\n<p>La clave la dio el propio diputado cuando enjuagaba en l\u00e1grimas su despedida.<\/p>\n<p>En efecto, a uno le cuentan quienes son sus enemigos pero le suelen enga\u00f1ar cuando le presentan a sus compa\u00f1eros. De hecho, hay pol\u00edticos que conocen mejor al piloto del avi\u00f3n que a sus colegas de partido. Y Tarifa no ha sido m\u00e1s que la \u201ccabeza de turco\u201d de una estrategia chusca donde unos y otros rivalizan por colgarse una\u00a0medalla a costa de la Alpujarra.<\/p>\n<p>Entre la conspiraci\u00f3n y la chapuza me quedo siempre con lo segundo.<\/p>\n<p>Es demasiado pretencioso el PP cuando interpreta que lo sucedido ha sido una premeditada maniobra socialista para tumbar la iniciativa de <strong>Sebasti\u00e1n P\u00e9rez<\/strong>. De hecho, en Torre de la P\u00f3lvora ni siquiera\u00a0conoc\u00edan\u00a0el domingo que los concejales populares andaban apoyando la moci\u00f3n que pide a la Junta que frene la tramitaci\u00f3n del documento.<\/p>\n<p>Por supuesto, tampoco se hab\u00edan percatado\u00a0en el PP, que ahora amaga con el parip\u00e9 de abrir expediente a los traidores cuando es evidente que la reprimenda se cerrar\u00e1 sobre la marcha. Y si acaso se inicia\u00a0el expediente es porque alg\u00fan instigador -pongamos que yo- preguntar\u00e1 dentro de\u00a0unos meses qu\u00e9 fue de este anuncio.<\/p>\n<p>Pensar que los ediles populares han votado a favor de la moci\u00f3n del PSOE porque han sido manipulados por los socialistas es presuponer que los mismos concejales se tirar\u00edan por el barranco de Poqueria si sus convecinos se lo pidieran.<\/p>\n<p>Tampoco el PSOE puede regodearse en la rebeli\u00f3n de la Alpujarra cuando -te\u00f3ricamente- los estamentos socialistas apoyan su declaraci\u00f3n como patrimonio de la humanidad.<\/p>\n<p>Y en estas est\u00e1bamos cuando Paco Tarifa pas\u00f3\u00a0por all\u00ed y sirvi\u00f3 de \u201ccabeza de turco\u201d a quienes les interesaba creer en la conspiraci\u00f3n.<\/p>\n<p>Cuando, en realidad, todo obedeci\u00f3 a una chapuza.<\/p>\n<p>&nbsp;<\/p>\n<p><strong>Foto: Ram\u00f3n L. P\u00e9rez<\/strong><\/p>\n<p>&nbsp;<\/p>\n","protected":false},"excerpt":{"rendered":"<p>\u00abMe siento traicionado por unos compa\u00f1eros que no conozco demasiado\u00bb. Fue el lamento que dej\u00f3 Paco Tarifa tras anunciar el martes una dimisi\u00f3n que nadie hab\u00eda reclamado p\u00fablicamente; ni siquiera el PSOE. Resulta cuando menos curioso que el d\u00eda en el que el juez Ruz apuntaba que el PP se lucr\u00f3 supuestamente de la trama [&hellip;]<\/p>\n","protected":false},"author":65,"featured_media":0,"comment_status":"open","ping_status":"open","sticky":false,"template":"","format":"standard","meta":{"footnotes":""},"categories":[11480],"tags":[33995],"class_list":["post-896","post","type-post","status-publish","format-standard","hentry","category-sin-categoria","tag-alpujarra-juez-ruz-mercedes-alaya-artur-mas-francisco-tarifa-sebastian-perez"],"_links":{"self":[{"href":"https:\/\/granadablogs.com\/rumores\/wp-json\/wp\/v2\/posts\/896","targetHints":{"allow":["GET"]}}],"collection":[{"href":"https:\/\/granadablogs.com\/rumores\/wp-json\/wp\/v2\/posts"}],"about":[{"href":"https:\/\/granadablogs.com\/rumores\/wp-json\/wp\/v2\/types\/post"}],"author":[{"embeddable":true,"href":"https:\/\/granadablogs.com\/rumores\/wp-json\/wp\/v2\/users\/65"}],"replies":[{"embeddable":true,"href":"https:\/\/granadablogs.com\/rumores\/wp-json\/wp\/v2\/comments?post=896"}],"version-history":[{"count":2,"href":"https:\/\/granadablogs.com\/rumores\/wp-json\/wp\/v2\/posts\/896\/revisions"}],"predecessor-version":[{"id":899,"href":"https:\/\/granadablogs.com\/rumores\/wp-json\/wp\/v2\/posts\/896\/revisions\/899"}],"wp:attachment":[{"href":"https:\/\/granadablogs.com\/rumores\/wp-json\/wp\/v2\/media?parent=896"}],"wp:term":[{"taxonomy":"category","embeddable":true,"href":"https:\/\/granadablogs.com\/rumores\/wp-json\/wp\/v2\/categories?post=896"},{"taxonomy":"post_tag","embeddable":true,"href":"https:\/\/granadablogs.com\/rumores\/wp-json\/wp\/v2\/tags?post=896"}],"curies":[{"name":"wp","href":"https:\/\/api.w.org\/{rel}","templated":true}]}}