{"id":900,"date":"2014-11-14T00:23:52","date_gmt":"2014-11-13T23:23:52","guid":{"rendered":"http:\/\/granadablogs.com\/rumores\/?p=900"},"modified":"2014-11-14T00:23:52","modified_gmt":"2014-11-13T23:23:52","slug":"el-casting-del-pp","status":"publish","type":"post","link":"https:\/\/granadablogs.com\/rumores\/2014\/11\/14\/el-casting-del-pp\/","title":{"rendered":"El casting del PP"},"content":{"rendered":"<p>El PP de Madrid ha montado un examen para elegir a los mejores candidatos a alcaldes. Es un avance. Se ha pasado de la t\u00f3mbola -coge un sobre, que tiene premio seguro-, al casting de talentos.<\/p>\n<p>Hay que acercar la pol\u00edtica a los ciudadanos y es evidente que Gran Hermano resulta m\u00e1s familiar a la mayor\u00eda de los espa\u00f1oles que los Episodios Nacionales de Benito P\u00e9rez Gald\u00f3s.<\/p>\n<p>La gente -que es ese concepto abstracto en el que entramos todos- ha perdido la confianza en los pol\u00edticos, pero sigue creyendo a Mercedes Mil\u00e1; que por lo menos cumple su palabra. No como los otros, que prometen el oro y terminan dando basura.<\/p>\n<p>Descart\u00e9 presentarme a este examen de alcaldables porque pens\u00e9 que la prueba se escapaba de mis limitados conocimientos. Que ser\u00edan preguntas del tipo &#8216;\u00bfde qu\u00e9 color era el ba\u00f1ador con el que se sumergi\u00f3 Fraga en Palomares?&#8217;; &#8216;\u00bfen qu\u00e9 momento decidi\u00f3 Rajoy que deb\u00eda te\u00f1irse el pelo pero no la barba?&#8217;; &#8216;\u00bfd\u00f3nde estaba el peque\u00f1o Nicol\u00e1s el d\u00eda que Aznar se rasur\u00f3 el bigote?&#8217;; o, \u00bfcon qu\u00e9 miembro del Gobierno har\u00edas un edredoning?<\/p>\n<p>Sin embargo, tras conocer las preguntas del cuestionario he decidido responderlas por ver si re\u00fano el perfil para ser candidato del PP en la comunidad madrile\u00f1a. Al fin y al cabo, mucho m\u00e1s descabellado es que haya llegado a ser periodista.<\/p>\n<p>Veamos:<\/p>\n<p>1.- \u00bfHas tenido alguna vez o tienes en la actualidad dinero fuera de Espa\u00f1a?<br \/>\nProbablemente, a esta altura del mes ni siquiera dentro.<\/p>\n<p>2.- \u00bfTienes antecedentes penales?<br \/>\nSorprendentemente no; que yo sepa. Aunque no me importar\u00eda que me procesara la jueza Alaya y me tomara declaraci\u00f3n; siempre que no me condenen a m\u00e1s de dos a\u00f1os de c\u00e1rcel.<\/p>\n<p>3.- \u00bfAlg\u00fan miembro de tu familia trabaja para el Ayuntamiento o dentro de \u00e9l?<br \/>\nYo mismo iba al Ayuntamiento a trabajar en busca de noticias, pero hace tiempo que no consigo una.<\/p>\n<p>4.- \u00bfAlguna vez has cobrado alguna comisi\u00f3n en dinero B o te lo han propuesto?<br \/>\nDesgraciadamente, no. Aunque hace tiempo que manifest\u00e9 que era sobornable.<\/p>\n<p>5.- \u00bfPor qu\u00e9 quieres dedicarte a la pol\u00edtica?<br \/>\nPorque soy periodista.<\/p>\n<p>6.- \u00bfGanar\u00edas m\u00e1s fuera de la pol\u00edtica?<br \/>\nYa respond\u00ed que soy periodista.<\/p>\n<p>7.- \u00bfQu\u00e9 patrimonio tienes en la actualidad?<br \/>\nMe queda algo de credibilidad. Poca.<\/p>\n<p>Sorprendentemente, llevaba un alcalde del PP dentro de m\u00ed y ni me hab\u00eda percatado.<\/p>\n<p>Lo que no me explico es con lo f\u00e1cil que resulta responder decentemente a estas preguntas, c\u00f3mo es que hasta ahora escogieron a tantos que no acertaban ni una sola.<\/p>\n","protected":false},"excerpt":{"rendered":"<p>El PP de Madrid ha montado un examen para elegir a los mejores candidatos a alcaldes. Es un avance. Se ha pasado de la t\u00f3mbola -coge un sobre, que tiene premio seguro-, al casting de talentos. Hay que acercar la pol\u00edtica a los ciudadanos y es evidente que Gran Hermano resulta m\u00e1s familiar a la [&hellip;]<\/p>\n","protected":false},"author":65,"featured_media":0,"comment_status":"open","ping_status":"open","sticky":false,"template":"","format":"standard","meta":{"footnotes":""},"categories":[11480],"tags":[],"class_list":["post-900","post","type-post","status-publish","format-standard","hentry","category-sin-categoria"],"_links":{"self":[{"href":"https:\/\/granadablogs.com\/rumores\/wp-json\/wp\/v2\/posts\/900","targetHints":{"allow":["GET"]}}],"collection":[{"href":"https:\/\/granadablogs.com\/rumores\/wp-json\/wp\/v2\/posts"}],"about":[{"href":"https:\/\/granadablogs.com\/rumores\/wp-json\/wp\/v2\/types\/post"}],"author":[{"embeddable":true,"href":"https:\/\/granadablogs.com\/rumores\/wp-json\/wp\/v2\/users\/65"}],"replies":[{"embeddable":true,"href":"https:\/\/granadablogs.com\/rumores\/wp-json\/wp\/v2\/comments?post=900"}],"version-history":[{"count":1,"href":"https:\/\/granadablogs.com\/rumores\/wp-json\/wp\/v2\/posts\/900\/revisions"}],"predecessor-version":[{"id":901,"href":"https:\/\/granadablogs.com\/rumores\/wp-json\/wp\/v2\/posts\/900\/revisions\/901"}],"wp:attachment":[{"href":"https:\/\/granadablogs.com\/rumores\/wp-json\/wp\/v2\/media?parent=900"}],"wp:term":[{"taxonomy":"category","embeddable":true,"href":"https:\/\/granadablogs.com\/rumores\/wp-json\/wp\/v2\/categories?post=900"},{"taxonomy":"post_tag","embeddable":true,"href":"https:\/\/granadablogs.com\/rumores\/wp-json\/wp\/v2\/tags?post=900"}],"curies":[{"name":"wp","href":"https:\/\/api.w.org\/{rel}","templated":true}]}}