{"id":903,"date":"2014-11-22T18:35:51","date_gmt":"2014-11-22T17:35:51","guid":{"rendered":"http:\/\/granadablogs.com\/rumores\/?p=903"},"modified":"2014-11-23T20:59:17","modified_gmt":"2014-11-23T19:59:17","slug":"periodista-y-pecador-reflexion-sobre-la-carta-de-daniel","status":"publish","type":"post","link":"https:\/\/granadablogs.com\/rumores\/2014\/11\/22\/periodista-y-pecador-reflexion-sobre-la-carta-de-daniel\/","title":{"rendered":"Periodista y pecador (reflexi\u00f3n sobre la carta de Daniel)"},"content":{"rendered":"<p><a href=\"http:\/\/granadablogs.com\/rumores\/files\/2014\/11\/image.jpg\"><img loading=\"lazy\" decoding=\"async\" class=\"aligncenter size-medium wp-image-905\" src=\"http:\/\/granadablogs.com\/rumores\/files\/2014\/11\/image-300x225.jpg\" alt=\"image\" width=\"300\" height=\"225\" srcset=\"https:\/\/granadablogs.com\/rumores\/files\/2014\/11\/image-300x225.jpg 300w, https:\/\/granadablogs.com\/rumores\/files\/2014\/11\/image.jpg 1024w\" sizes=\"auto, (max-width: 300px) 100vw, 300px\" \/><\/a><\/p>\n<p>La investigaci\u00f3n de los presuntos abusos sexuales en la Iglesia granadina ha suscitado tambi\u00e9n un profundo debate sobre el papel de los medios de comunicaci\u00f3n.<\/p>\n<p>Coincido con Manuel Jabois en que el periodismo no es un oficio higi\u00e9nico, ni moralmente f\u00e9rreo ni necesariamente ejemplar. Y a\u00f1ado que, si lo fuese, ser\u00eda cualquier otra cosa menos periodismo.<\/p>\n<p>Hay quien necesita tener fe en los periodistas honrados igual que se tiene fe en Dios, aunque racionalmente no se pueda acreditar la existencia ni de los primeros ni del segundo.<\/p>\n<p>Sucede -y volvamos a lo ocurrido- que tanto un periodista como el grueso de la sociedad saben c\u00f3mo proceder ante un pol\u00edtico corrupto, el marido trilero de una infanta, e incluso, ante los supuestos violadores de una joven en la feria de M\u00e1laga que despu\u00e9s resultaron inocentes. En todos estos supuestos, la sociedad con la excusa de los medios -y viceversa- celebran su propio juicio. En definitiva, nadie es tan moralmente f\u00e9rreo como aparenta ni como predica.<\/p>\n<p>Sin embargo, y lo hemos comprobado esta semana, no sabemos c\u00f3mo actuar si el acusado, en lugar de ser un robagallinas, es un sacerdote. Los c\u00f3digos que hasta ahora estaban aceptados ya no sirven; o bien se quedan cortos o bien se pasan de largo.<\/p>\n<p>Como dec\u00eda Graham Greene, yo soy un reportero y Dios solo existe para los editorialistas. Ante un hecho relevante, el periodista no debe hacer otra cosa sino informar.<\/p>\n<p>Pero, \u00bfqu\u00e9 convirti\u00f3 la denuncia de Daniel -nombre ficticio- en noticia?<\/p>\n<p>Pues no fue la investigaci\u00f3n de la Polic\u00eda Judicial, por donde probablemente hayan pasado testimonios similares. Tampoco fue el decreto de denuncia del Fiscal Superior; que habr\u00eda sido licencia suficiente para linchar a cualquier pol\u00edtico. No lo fue el comunicado del Tribunal Superior de Justicia de Andaluc\u00eda donde confirmaba que hab\u00eda doce personas investigadas. Ni siquiera que el Arzobispado haya apartado cautelarmente a tres sacerdotes.<\/p>\n<p>El hecho excepcional fue la intervenci\u00f3n del Papa Francisco. Y eso, hasta en un pa\u00eds donde cada vez m\u00e1s hombres muerden a los perros, sigue siendo noticia.<\/p>\n<p>A partir de aqu\u00ed, cada uno ha decidido libremente qu\u00e9 l\u00ednea informativa seguir. Sostengo que todo medio de comunicaci\u00f3n tiene dos l\u00edmites: la ley y su audiencia. Si sobrepasa cualquiera de los dos puede verse ante un juez o verse solo.<\/p>\n<p>Conviene que no pase desapercibido que ha sido la propia Iglesia -a trav\u00e9s del Vaticano, la Conferencia Episcopal o sus obispos- la que ha otorgado credibilidad a la denuncia de &#8216;Daniel&#8217; con sus declaraciones. El pasado viernes, cuando Gil Tamayo pidi\u00f3 perd\u00f3n a las presuntas v\u00edctimas; y el domingo, con el teatrillo del arzobispo emulando el asalto a la Di\u00f3cesis como si se tratara del golpe de Tejero.<\/p>\n<p>Reconozco que no deja de ser extra\u00f1o lo sucedido. Que antes ni siquiera de existir un solo imputado en sede judicial haya personas se\u00f1aladas directamente.<\/p>\n<p>Pero, si se me admite la comparaci\u00f3n fr\u00edvola, esta es la misma queja que tiene el peque\u00f1o Nicol\u00e1s.<\/p>\n","protected":false},"excerpt":{"rendered":"<p>La investigaci\u00f3n de los presuntos abusos sexuales en la Iglesia granadina ha suscitado tambi\u00e9n un profundo debate sobre el papel de los medios de comunicaci\u00f3n. Coincido con Manuel Jabois en que el periodismo no es un oficio higi\u00e9nico, ni moralmente f\u00e9rreo ni necesariamente ejemplar. Y a\u00f1ado que, si lo fuese, ser\u00eda cualquier otra cosa menos [&hellip;]<\/p>\n","protected":false},"author":65,"featured_media":0,"comment_status":"open","ping_status":"open","sticky":false,"template":"","format":"standard","meta":{"footnotes":""},"categories":[11480],"tags":[],"class_list":["post-903","post","type-post","status-publish","format-standard","hentry","category-sin-categoria"],"_links":{"self":[{"href":"https:\/\/granadablogs.com\/rumores\/wp-json\/wp\/v2\/posts\/903","targetHints":{"allow":["GET"]}}],"collection":[{"href":"https:\/\/granadablogs.com\/rumores\/wp-json\/wp\/v2\/posts"}],"about":[{"href":"https:\/\/granadablogs.com\/rumores\/wp-json\/wp\/v2\/types\/post"}],"author":[{"embeddable":true,"href":"https:\/\/granadablogs.com\/rumores\/wp-json\/wp\/v2\/users\/65"}],"replies":[{"embeddable":true,"href":"https:\/\/granadablogs.com\/rumores\/wp-json\/wp\/v2\/comments?post=903"}],"version-history":[{"count":3,"href":"https:\/\/granadablogs.com\/rumores\/wp-json\/wp\/v2\/posts\/903\/revisions"}],"predecessor-version":[{"id":907,"href":"https:\/\/granadablogs.com\/rumores\/wp-json\/wp\/v2\/posts\/903\/revisions\/907"}],"wp:attachment":[{"href":"https:\/\/granadablogs.com\/rumores\/wp-json\/wp\/v2\/media?parent=903"}],"wp:term":[{"taxonomy":"category","embeddable":true,"href":"https:\/\/granadablogs.com\/rumores\/wp-json\/wp\/v2\/categories?post=903"},{"taxonomy":"post_tag","embeddable":true,"href":"https:\/\/granadablogs.com\/rumores\/wp-json\/wp\/v2\/tags?post=903"}],"curies":[{"name":"wp","href":"https:\/\/api.w.org\/{rel}","templated":true}]}}