{"id":951,"date":"2015-01-02T19:47:44","date_gmt":"2015-01-02T18:47:44","guid":{"rendered":"http:\/\/granadablogs.com\/rumores\/?p=951"},"modified":"2015-01-02T19:47:44","modified_gmt":"2015-01-02T18:47:44","slug":"diez-minutos-despues","status":"publish","type":"post","link":"https:\/\/granadablogs.com\/rumores\/2015\/01\/02\/diez-minutos-despues\/","title":{"rendered":"Diez minutos despu\u00e9s"},"content":{"rendered":"<p>Jos\u00e9 Mar\u00eda Aponte ha presentado esta ma\u00f1ana un escrito en el registro del Ayuntamiento de Santa Fe donde manifiesta su \u00abvoluntad de renunciar\u00bb tanto al cargo de alcalde como de concejal. Dicho as\u00ed, como si se tratara de algo fortuito.<\/p>\n<p>En contra de lo que le auguraban algunos -y la frase es m\u00e1s o menos textual- se ha podido comer los mantecados; aunque no haya aguantado para el rosc\u00f3n de reyes.<\/p>\n<p>Aponte no se va; m\u00e1s bien no ha tenido otro remedio que marcharse; que es distinto. Empujado no tanto por los correos electr\u00f3nicos desvelados como por los que pudieran aparecer; una incertidumbre que convert\u00eda la traves\u00eda de aqu\u00ed a mayo en el juego del abejorro, como me describ\u00eda gr\u00e1ficamente un socialista granadino.<\/p>\n<p>En efecto, no hay situaci\u00f3n m\u00e1s comprometida que la de sentirte esclavo de tus palabras sin recordar ni tan siquiera lo que has podido decir.<\/p>\n<p>Sergio Bueno lo comprendi\u00f3 el domingo por la ma\u00f1ana y ofreci\u00f3 su dimisi\u00f3n desde el primer momento. Incluso, tuvo que afrontar el mal trago -todav\u00eda como secretario local de Santa Fe- de recomendar a su amigo que hiciera lo mismo. Pero Jos\u00e9 Mar\u00eda Aponte quiso aguantar y hasta se manejaron alternativas como la de mantenerse de alcalde pero cambiar de candidato; algo que \u00e9l desechaba.<\/p>\n<p>Estoy dispuesto a creerme la versi\u00f3n de la c\u00fapula del PSOE granadino, que asegura que desde el primer momento plante\u00f3 a ambos que no hab\u00eda camino que no condujese a la retirada.<\/p>\n<p>Pero no puedo obviar que la primera en hablar de esta crisis fue la propia secretaria general del PSOE andaluz, Susana D\u00edaz, quien vino a trasladar el mensaje de que, con independencia de que sea legal o no, la conducta que evidencian los correos es inadmisible.<\/p>\n<p>Y solo digo que diez minutos despu\u00e9s de difundirse esas declaraciones recib\u00ed un mensaje que me anticipaba la dimisi\u00f3n de Aponte.<\/p>\n<p>Una causalidad. Que diga, casualidad.<\/p>\n","protected":false},"excerpt":{"rendered":"<p>Jos\u00e9 Mar\u00eda Aponte ha presentado esta ma\u00f1ana un escrito en el registro del Ayuntamiento de Santa Fe donde manifiesta su \u00abvoluntad de renunciar\u00bb tanto al cargo de alcalde como de concejal. Dicho as\u00ed, como si se tratara de algo fortuito. En contra de lo que le auguraban algunos -y la frase es m\u00e1s o menos [&hellip;]<\/p>\n","protected":false},"author":65,"featured_media":0,"comment_status":"open","ping_status":"open","sticky":false,"template":"","format":"standard","meta":{"footnotes":""},"categories":[11480],"tags":[],"class_list":["post-951","post","type-post","status-publish","format-standard","hentry","category-sin-categoria"],"_links":{"self":[{"href":"https:\/\/granadablogs.com\/rumores\/wp-json\/wp\/v2\/posts\/951","targetHints":{"allow":["GET"]}}],"collection":[{"href":"https:\/\/granadablogs.com\/rumores\/wp-json\/wp\/v2\/posts"}],"about":[{"href":"https:\/\/granadablogs.com\/rumores\/wp-json\/wp\/v2\/types\/post"}],"author":[{"embeddable":true,"href":"https:\/\/granadablogs.com\/rumores\/wp-json\/wp\/v2\/users\/65"}],"replies":[{"embeddable":true,"href":"https:\/\/granadablogs.com\/rumores\/wp-json\/wp\/v2\/comments?post=951"}],"version-history":[{"count":1,"href":"https:\/\/granadablogs.com\/rumores\/wp-json\/wp\/v2\/posts\/951\/revisions"}],"predecessor-version":[{"id":952,"href":"https:\/\/granadablogs.com\/rumores\/wp-json\/wp\/v2\/posts\/951\/revisions\/952"}],"wp:attachment":[{"href":"https:\/\/granadablogs.com\/rumores\/wp-json\/wp\/v2\/media?parent=951"}],"wp:term":[{"taxonomy":"category","embeddable":true,"href":"https:\/\/granadablogs.com\/rumores\/wp-json\/wp\/v2\/categories?post=951"},{"taxonomy":"post_tag","embeddable":true,"href":"https:\/\/granadablogs.com\/rumores\/wp-json\/wp\/v2\/tags?post=951"}],"curies":[{"name":"wp","href":"https:\/\/api.w.org\/{rel}","templated":true}]}}