{"id":847,"date":"2013-12-02T14:29:45","date_gmt":"2013-12-02T14:29:45","guid":{"rendered":"http:\/\/granadablogs.com\/terecuerdo\/?p=847"},"modified":"2013-12-02T14:29:45","modified_gmt":"2013-12-02T14:29:45","slug":"la-reconstruccion-del-arco-de-las-orejas","status":"publish","type":"post","link":"https:\/\/granadablogs.com\/terecuerdo\/2013\/12\/02\/la-reconstruccion-del-arco-de-las-orejas\/","title":{"rendered":"La reconstrucci\u00f3n del Arco de las Orejas"},"content":{"rendered":"<p>El 30 de noviembre de 1933, IDEAL publicaba en su portada una fotograf\u00eda de los trabajos de reconstrucci\u00f3n del Arco de las Orejas en \u00abel paseo central de coches del bosque de la Alhambra\u00bb. Leopoldo Torres Balb\u00e1s, arquitecto conservador del monumento, fue el responsable de la reedificaci\u00f3n que se llev\u00f3 a cabo por orden de la Direcci\u00f3n General de Bellas Artes y a propuesta del Patronato del Tesoro Art\u00edstico Nacional.<br \/>\nEl Arco de las Orejas, tambi\u00e9n conocido como Puerta de Bib-Rambla, del Arenal, de las Manos, de los pesos falsos y de los pesos y medidas, se encontraba en la calle que hoy lleva su nombre, junto a la de Salamanca. De hecho, Manuel G\u00f3mez Moreno en su \u00abGu\u00eda de Granada\u00bb la llamaba de \u00abBibalfarax\u00bb, cuya traducci\u00f3n es Puerta del Caballo, porque as\u00ed se llam\u00f3 a esta \u00faltima calle.<br \/>\nDe construcci\u00f3n \u00e1rabe, muy parecida a la puerta de la Justicia de la Alhambra, constaba de dos partes: un arco de herradura, que se abr\u00eda en un muro, y otro arco m\u00e1s peque\u00f1o sobre el que hab\u00eda un balc\u00f3n. Los Reyes Cat\u00f3licos pusieron en dicho monumento un valioso cuadro de Nuestra Se\u00f1ora de la Rosa, nombre que recibi\u00f3 por una flor que el Ni\u00f1o ten\u00eda en la mano. M\u00e1s tarde, los soberanos mandaron construir una tribuna y un altar que ocultaron parte de la decoraci\u00f3n del arco. Por el lado de la plaza se le\u00eda una inscripci\u00f3n en caracteres g\u00f3ticos, escrita sobre un tablero de m\u00e1rmol blanco alusiva a cierta capilla que hubo encima de la puerta, edificada en 1507 por el bachiller Mill\u00e1n de Olivares, capell\u00e1n de la reina Isabel, en recuerdo de la fiesta del Corpus, capilla que serv\u00eda para que oyeran misa los vecinos de la plaza y el Zacat\u00edn.<br \/>\nDesde que a mediados del siglo XIX comenzara la reordenaci\u00f3n del entorno de Bib Rambla, el Arco estuvo amenazado. No se destruy\u00f3 hasta 1884, con la bendici\u00f3n de las autoridades municipales y a pesar de que tres a\u00f1os antes hab\u00eda sido declarado monumento nacional. En un principio, los restos se dejaron olvidados en un rinc\u00f3n del Ayuntamiento. Algunas de las piedras se perdieron, otras \u00abfueron utilizadas, por manos de ignorantes y analfabetos, para construir, por ejemplo, un tap\u00f3n de cauchil\u00bb, cuenta el antiguo ejemplar de IDEAL. Con el paso del tiempo se dispuso el traslado de los restos a un local de la calle Alh\u00f3ndiga y luego a las naves del P\u00f3sito hasta que, finalmente, alguien decidi\u00f3 que su sitio era el Museo Arqueol\u00f3gico.<br \/>\nEn el 31 se plante\u00f3 su reconstrucci\u00f3n. En un primer momento se pens\u00f3 en levantar el Arco en el recinto del Secano de la Alhambra, pero se desisti\u00f3 de esta idea por ser un lugar poco frecuentado. Finalmente se eligi\u00f3 el rinc\u00f3n que hoy ocupa con la idea de construir un paseo peatonal que discurriera bajo la Puerta y que llegara a la de la Justicia.<br \/>\nSin embargo, para el redactor del peri\u00f3dico, con la reconstrucci\u00f3n el monumento hab\u00eda perdido su \u00abarrogante aspecto\u00bb: \u00abLa mayor parte de su arco grande ha desaparecido y, para formar este, ha sido necesario emplear ladrillos con los que se han construido casi en total, pues solamente en su lado izquierdo posee las piedras aut\u00e9nticas en la proporci\u00f3n de un tercio. Los sillares est\u00e1n completamente formados por piedras de las que se emplean en las construcciones r\u00fasticas, tra\u00eddas de r\u00edos y canteras. El arco peque\u00f1o conserva mejor sus elementos primitivos y solo en el lado derecho ha sido preciso sustituir aquellos por ladrillos, aunque no en gran proporci\u00f3n. Algunos de los bloques est\u00e1n algo fraccionados y faltan los trozos finales. Por \u00faltimo, la pared o fachada est\u00e1 reconstruida con abundancia de elementos ajenos a su \u00e9poca y estilo\u00bb.<\/p>\n<p><a href=\"http:\/\/granadablogs.com\/terecuerdo\/files\/2013\/12\/arco_1-copia.jpg\"><img loading=\"lazy\" decoding=\"async\" class=\"aligncenter size-medium wp-image-848\" alt=\"arco_1 copia\" src=\"http:\/\/granadablogs.com\/terecuerdo\/files\/2013\/12\/arco_1-copia-204x300.jpg\" width=\"204\" height=\"300\" srcset=\"https:\/\/granadablogs.com\/terecuerdo\/files\/2013\/12\/arco_1-copia-204x300.jpg 204w, https:\/\/granadablogs.com\/terecuerdo\/files\/2013\/12\/arco_1-copia.jpg 300w\" sizes=\"auto, (max-width: 204px) 100vw, 204px\" \/><\/a><\/p>\n<p><a href=\"http:\/\/granadablogs.com\/terecuerdo\/files\/2013\/12\/arco_2-copia.jpg\"><img loading=\"lazy\" decoding=\"async\" class=\"aligncenter size-medium wp-image-849\" alt=\"arco_2 copia\" src=\"http:\/\/granadablogs.com\/terecuerdo\/files\/2013\/12\/arco_2-copia-204x300.jpg\" width=\"204\" height=\"300\" srcset=\"https:\/\/granadablogs.com\/terecuerdo\/files\/2013\/12\/arco_2-copia-204x300.jpg 204w, https:\/\/granadablogs.com\/terecuerdo\/files\/2013\/12\/arco_2-copia.jpg 300w\" sizes=\"auto, (max-width: 204px) 100vw, 204px\" \/><\/a><\/p>\n<p>&nbsp;<\/p>\n<p>Para m\u00e1s informaci\u00f3n, aqu\u00ed tienen el enlace al art\u00edculo <a href=\"http:\/\/www.ideal.es\/granada\/20121006\/local\/granada\/arco-orejas-polemica-nacional-201210060107.html\">El Arco de las Orejas y la pol\u00e9mica nacional por su derribo<\/a>\u00a0por Juan Ram\u00f3n Olmos, periodista de IDEAL.<\/p>\n<p>Y si todav\u00eda quieren m\u00e1s, yo he le\u00eddo <a href=\"http:\/\/www.agapea.com\/libros\/GUiA-DE-LA-GRANADA-DESAPARECIDA--9788498360714-i.htm\">Gu\u00eda de la Granada Desaparecida<\/a>\u00a0de Juan Manuel Barrios, <a href=\"http:\/\/www.librerias-picasso.com\/libro\/andar-y-ver-en-granada_303920\">Andar y ver<\/a> de Juan Bustos y la <a href=\"http:\/\/www.bibliotecavirtualdeandalucia.es\/catalogo\/consulta\/registro.cmd?id=1038987\">Gu\u00eda de Granada <\/a>de Manuel G\u00f3mez Moreno<\/p>\n","protected":false},"excerpt":{"rendered":"<p>El 30 de noviembre de 1933, IDEAL publicaba en su portada una fotograf\u00eda de los trabajos de reconstrucci\u00f3n del Arco de las Orejas en \u00abel paseo central de coches del bosque de la Alhambra\u00bb. Leopoldo Torres Balb\u00e1s, arquitecto conservador del monumento, fue el responsable de la reedificaci\u00f3n que se llev\u00f3 a cabo por orden de [&hellip;]<\/p>\n","protected":false},"author":68,"featured_media":0,"comment_status":"open","ping_status":"open","sticky":false,"template":"","format":"standard","meta":{"footnotes":""},"categories":[1469],"tags":[30937,71,985],"class_list":["post-847","post","type-post","status-publish","format-standard","hentry","category-local","tag-arco-de-las-orejas","tag-monumentos","tag-patrimonio"],"_links":{"self":[{"href":"https:\/\/granadablogs.com\/terecuerdo\/wp-json\/wp\/v2\/posts\/847","targetHints":{"allow":["GET"]}}],"collection":[{"href":"https:\/\/granadablogs.com\/terecuerdo\/wp-json\/wp\/v2\/posts"}],"about":[{"href":"https:\/\/granadablogs.com\/terecuerdo\/wp-json\/wp\/v2\/types\/post"}],"author":[{"embeddable":true,"href":"https:\/\/granadablogs.com\/terecuerdo\/wp-json\/wp\/v2\/users\/68"}],"replies":[{"embeddable":true,"href":"https:\/\/granadablogs.com\/terecuerdo\/wp-json\/wp\/v2\/comments?post=847"}],"version-history":[{"count":1,"href":"https:\/\/granadablogs.com\/terecuerdo\/wp-json\/wp\/v2\/posts\/847\/revisions"}],"predecessor-version":[{"id":850,"href":"https:\/\/granadablogs.com\/terecuerdo\/wp-json\/wp\/v2\/posts\/847\/revisions\/850"}],"wp:attachment":[{"href":"https:\/\/granadablogs.com\/terecuerdo\/wp-json\/wp\/v2\/media?parent=847"}],"wp:term":[{"taxonomy":"category","embeddable":true,"href":"https:\/\/granadablogs.com\/terecuerdo\/wp-json\/wp\/v2\/categories?post=847"},{"taxonomy":"post_tag","embeddable":true,"href":"https:\/\/granadablogs.com\/terecuerdo\/wp-json\/wp\/v2\/tags?post=847"}],"curies":[{"name":"wp","href":"https:\/\/api.w.org\/{rel}","templated":true}]}}