{"id":852,"date":"2013-12-06T15:39:26","date_gmt":"2013-12-06T15:39:26","guid":{"rendered":"http:\/\/granadablogs.com\/terecuerdo\/?p=852"},"modified":"2013-12-06T15:40:00","modified_gmt":"2013-12-06T15:40:00","slug":"nelson-mandela-1918-2013","status":"publish","type":"post","link":"https:\/\/granadablogs.com\/terecuerdo\/2013\/12\/06\/nelson-mandela-1918-2013\/","title":{"rendered":"Nelson Mandela 1918-2013"},"content":{"rendered":"<p>La hist\u00f3rica figura de Nelson Mandela a trav\u00e9s de las portadas de IDEAL<\/p>\n<p>12 de febrero del 90, Mandela es un hombre libre tras pasar 27 a\u00f1os en prisi\u00f3n<\/p>\n<p><a href=\"http:\/\/granadablogs.com\/terecuerdo\/files\/2013\/12\/90_mandela-copia.jpg\"><img loading=\"lazy\" decoding=\"async\" class=\"aligncenter size-medium wp-image-853\" alt=\"Nelson Mandela 1990\" src=\"http:\/\/granadablogs.com\/terecuerdo\/files\/2013\/12\/90_mandela-copia-210x300.jpg\" width=\"210\" height=\"300\" srcset=\"https:\/\/granadablogs.com\/terecuerdo\/files\/2013\/12\/90_mandela-copia-210x300.jpg 210w, https:\/\/granadablogs.com\/terecuerdo\/files\/2013\/12\/90_mandela-copia-719x1024.jpg 719w, https:\/\/granadablogs.com\/terecuerdo\/files\/2013\/12\/90_mandela-copia.jpg 771w\" sizes=\"auto, (max-width: 210px) 100vw, 210px\" \/><\/a><\/p>\n<p>&nbsp;<\/p>\n<p>11 de diciembre de 1993, comparte con De Klerk el Premio Nobel de la Paz<\/p>\n<p><a href=\"http:\/\/granadablogs.com\/terecuerdo\/files\/2013\/12\/93_nobelmandela-copia.jpg\"><img loading=\"lazy\" decoding=\"async\" class=\"aligncenter size-medium wp-image-854\" alt=\"Nelson Mandela 1993\" src=\"http:\/\/granadablogs.com\/terecuerdo\/files\/2013\/12\/93_nobelmandela-copia-214x300.jpg\" width=\"214\" height=\"300\" srcset=\"https:\/\/granadablogs.com\/terecuerdo\/files\/2013\/12\/93_nobelmandela-copia-214x300.jpg 214w, https:\/\/granadablogs.com\/terecuerdo\/files\/2013\/12\/93_nobelmandela-copia-730x1024.jpg 730w, https:\/\/granadablogs.com\/terecuerdo\/files\/2013\/12\/93_nobelmandela-copia.jpg 783w\" sizes=\"auto, (max-width: 214px) 100vw, 214px\" \/><\/a><\/p>\n<p>&nbsp;<\/p>\n<p>9 de mayo de 1994, Mandela es\u00a0elegido presidente, el primero de una Sud\u00e1frica plenamente democr\u00e1tica y el primer negro que dirig\u00eda el pa\u00eds<\/p>\n<p><a href=\"http:\/\/granadablogs.com\/terecuerdo\/files\/2013\/12\/94_mandela-copia.jpg\"><img loading=\"lazy\" decoding=\"async\" class=\"aligncenter size-medium wp-image-855\" alt=\"Nelson Mandela 1994\" src=\"http:\/\/granadablogs.com\/terecuerdo\/files\/2013\/12\/94_mandela-copia-214x300.jpg\" width=\"214\" height=\"300\" srcset=\"https:\/\/granadablogs.com\/terecuerdo\/files\/2013\/12\/94_mandela-copia-214x300.jpg 214w, https:\/\/granadablogs.com\/terecuerdo\/files\/2013\/12\/94_mandela-copia-730x1024.jpg 730w, https:\/\/granadablogs.com\/terecuerdo\/files\/2013\/12\/94_mandela-copia.jpg 783w\" sizes=\"auto, (max-width: 214px) 100vw, 214px\" \/><\/a><\/p>\n","protected":false},"excerpt":{"rendered":"<p>La hist\u00f3rica figura de Nelson Mandela a trav\u00e9s de las portadas de IDEAL 12 de febrero del 90, Mandela es un hombre libre tras pasar 27 a\u00f1os en prisi\u00f3n &nbsp; 11 de diciembre de 1993, comparte con De Klerk el Premio Nobel de la Paz &nbsp; 9 de mayo de 1994, Mandela es\u00a0elegido presidente, el [&hellip;]<\/p>\n","protected":false},"author":68,"featured_media":0,"comment_status":"open","ping_status":"open","sticky":false,"template":"","format":"standard","meta":{"footnotes":""},"categories":[1428],"tags":[30939],"class_list":["post-852","post","type-post","status-publish","format-standard","hentry","category-internacional","tag-nelson-mandela"],"_links":{"self":[{"href":"https:\/\/granadablogs.com\/terecuerdo\/wp-json\/wp\/v2\/posts\/852","targetHints":{"allow":["GET"]}}],"collection":[{"href":"https:\/\/granadablogs.com\/terecuerdo\/wp-json\/wp\/v2\/posts"}],"about":[{"href":"https:\/\/granadablogs.com\/terecuerdo\/wp-json\/wp\/v2\/types\/post"}],"author":[{"embeddable":true,"href":"https:\/\/granadablogs.com\/terecuerdo\/wp-json\/wp\/v2\/users\/68"}],"replies":[{"embeddable":true,"href":"https:\/\/granadablogs.com\/terecuerdo\/wp-json\/wp\/v2\/comments?post=852"}],"version-history":[{"count":2,"href":"https:\/\/granadablogs.com\/terecuerdo\/wp-json\/wp\/v2\/posts\/852\/revisions"}],"predecessor-version":[{"id":857,"href":"https:\/\/granadablogs.com\/terecuerdo\/wp-json\/wp\/v2\/posts\/852\/revisions\/857"}],"wp:attachment":[{"href":"https:\/\/granadablogs.com\/terecuerdo\/wp-json\/wp\/v2\/media?parent=852"}],"wp:term":[{"taxonomy":"category","embeddable":true,"href":"https:\/\/granadablogs.com\/terecuerdo\/wp-json\/wp\/v2\/categories?post=852"},{"taxonomy":"post_tag","embeddable":true,"href":"https:\/\/granadablogs.com\/terecuerdo\/wp-json\/wp\/v2\/tags?post=852"}],"curies":[{"name":"wp","href":"https:\/\/api.w.org\/{rel}","templated":true}]}}