{"id":298,"date":"2015-05-22T10:50:49","date_gmt":"2015-05-22T10:50:49","guid":{"rendered":"http:\/\/granadablogs.com\/yanohaytemordedios\/?p=298"},"modified":"2015-05-22T10:50:49","modified_gmt":"2015-05-22T10:50:49","slug":"en-que-se-parecen-jara-y-torres-hurtado","status":"publish","type":"post","link":"https:\/\/granadablogs.com\/yanohaytemordedios\/2015\/05\/en-que-se-parecen-jara-y-torres-hurtado\/","title":{"rendered":"\u00bfEn qu\u00e9 se parecen Jara y Torres Hurtado?"},"content":{"rendered":"<p><span style=\"font-size: large\">\u00bfEn qu\u00e9 se parecen dos pol\u00edticos tan diferentes, dir\u00eda que antag\u00f3nicos, como Antonio Jara Andr\u00e9u y Jos\u00e9 Torres Hurtado? Solo en una cosa: a los dos el cargo los acaba transformando con el paso de los a\u00f1os en personajes alejados de la realidad, de la gente, de sus partidos, de los medios y hasta de la ilusi\u00f3n con la que llegaron al puesto. Jara experiment\u00f3 la metamorfosis que le llev\u00f3 de ser solo alcalde, el mejor alcalde, a convertirse en un ser divino. Dir\u00eda que es el mismo proceso que envuelve ahora a Torres Hurtado, atrapado en esos a\u00f1os de cargo que probablemente le sobran a todo pol\u00edtico que pierde la perspectiva y se deja llevar por el poder que solo parecen poseer los elegidos por la naturaleza o el cielo, seg\u00fan los casos.<\/span><\/p>\n<p><span style=\"font-size: large\">Jara, probablemente el mejor alcalde en la historia de Granada -dicen algunos que s\u00f3lo se le acerc\u00f3 Gallego Bur\u00edn- fue el promotor de la Granada que traspas\u00f3 la frontera de la modernidad. Pese a sus errores, fueron m\u00e1s sus aciertos y de sus gobiernos salen las grandes infraestructuras que disfruta hoy la capital y el dise\u00f1o de una ciudad que pele\u00f3 por sue\u00f1os y recogi\u00f3 realidades como el Parque de las Ciencias, el nuevo estadio de los C\u00e1rmenes, los puentes del Genil, el Palacio de Congresos o la proyecci\u00f3n de la Sierra Nevada que es hoy una de las mejores estaciones de esqu\u00ed europeas. Pero de esos a\u00f1os de ideas y de impulso durante el \u00faltimo mandato Jara se aisl\u00f3 y desaparec\u00f3 de la calle y del contacto con la gente, agri\u00f3 el car\u00e1cter y se dej\u00f3 llevar por una corte de aduladores que le hicieron creerse Dios en la tierra de Granada, due\u00f1o y se\u00f1or de voluntades y \u00fanico ser con la raz\u00f3n y la verdad. Parec\u00eda subido a un palco desde el que hablaba y pontificaba. A Jara le sobraron esos cuatro a\u00f1os en los que pas\u00f3 de alcalde de todos a divino y soberbio, aunque su legado es y ser\u00e1 el que es. <\/span><\/p>\n<p><span style=\"font-size: large\">Y como Jara, da la impresi\u00f3n de que Torres Hurtado est\u00e1 en ese proceso en el que se desnuda un alcalde y se viste la arrogancia. Con sus errores, la gesti\u00f3n municipal de Torres Hurtado no se ha caracterizado por grandes obras ni proyectos, pero se ha curtido en el d\u00eda a dia en una ciudad de servicios y equipamientos ciudadanos que los barrios agradecen. La ciudad ha mejorado con su gesti\u00f3n y aciertos han sido remodelar Ganivet o ampliar la peatonalizaci\u00f3n del centro, pero del Torres Hurtado festivo, ameno y popular en el sentido amplio de la palabra, el alcalde y candidato lleva meses rodeado de palmeros haci\u00e9ndole creer que es eterno y poderoso como nadie y se ha convertido en un pol\u00edtico arisco, algo rencoroso, un hombre desconfiado que ve fantasmas y enemigos donde no los hay, y un pol\u00edtico que est\u00e1 por encima, incluso, de su propio partido. Esta campa\u00f1a electoral ha dado la impresi\u00f3n de no necesitar nada ni a nadie, ha despreciado a medios de comunicaci\u00f3n porque cuentan lo que no le gusta y se muestra seguro de una victoria por mayor\u00eda absoluta que le permita seguir creciendo como el &#8216;dios terrenal&#8217; de una Granada que est\u00e1 a sus pies.<\/span><\/p>\n<p><span style=\"font-size: large\">Los pol\u00edticos deber\u00edan saber que cuando se les disfigura el rostro de la ilusi\u00f3n y se pierde la sonrisa sincera y abierta, generosa y tolerante, y les dominan las pasiones quiz\u00e1s sea la hora de recoger o de regenerarse y ambas son buenas opciones.<\/span><\/p>\n","protected":false},"excerpt":{"rendered":"<p>\u00bfEn qu\u00e9 se parecen dos pol\u00edticos tan diferentes, dir\u00eda que antag\u00f3nicos, como Antonio Jara Andr\u00e9u y Jos\u00e9 Torres Hurtado? Solo en una cosa: a los dos el cargo los acaba transformando con el paso de los a\u00f1os en personajes alejados de la realidad, de la gente, de sus partidos, de los medios y hasta de [&hellip;]<\/p>\n","protected":false},"author":64,"featured_media":0,"comment_status":"open","ping_status":"open","sticky":false,"template":"","format":"standard","meta":{"footnotes":""},"categories":[11480],"tags":[26,1516,7056],"class_list":["post-298","post","type-post","status-publish","format-standard","hentry","category-sin-categoria","tag-granada","tag-jara","tag-torres-hurtado"],"_links":{"self":[{"href":"https:\/\/granadablogs.com\/yanohaytemordedios\/wp-json\/wp\/v2\/posts\/298","targetHints":{"allow":["GET"]}}],"collection":[{"href":"https:\/\/granadablogs.com\/yanohaytemordedios\/wp-json\/wp\/v2\/posts"}],"about":[{"href":"https:\/\/granadablogs.com\/yanohaytemordedios\/wp-json\/wp\/v2\/types\/post"}],"author":[{"embeddable":true,"href":"https:\/\/granadablogs.com\/yanohaytemordedios\/wp-json\/wp\/v2\/users\/64"}],"replies":[{"embeddable":true,"href":"https:\/\/granadablogs.com\/yanohaytemordedios\/wp-json\/wp\/v2\/comments?post=298"}],"version-history":[{"count":1,"href":"https:\/\/granadablogs.com\/yanohaytemordedios\/wp-json\/wp\/v2\/posts\/298\/revisions"}],"predecessor-version":[{"id":299,"href":"https:\/\/granadablogs.com\/yanohaytemordedios\/wp-json\/wp\/v2\/posts\/298\/revisions\/299"}],"wp:attachment":[{"href":"https:\/\/granadablogs.com\/yanohaytemordedios\/wp-json\/wp\/v2\/media?parent=298"}],"wp:term":[{"taxonomy":"category","embeddable":true,"href":"https:\/\/granadablogs.com\/yanohaytemordedios\/wp-json\/wp\/v2\/categories?post=298"},{"taxonomy":"post_tag","embeddable":true,"href":"https:\/\/granadablogs.com\/yanohaytemordedios\/wp-json\/wp\/v2\/tags?post=298"}],"curies":[{"name":"wp","href":"https:\/\/api.w.org\/{rel}","templated":true}]}}