{"id":300,"date":"2015-08-25T16:06:10","date_gmt":"2015-08-25T16:06:10","guid":{"rendered":"http:\/\/granadablogs.com\/yanohaytemordedios\/?p=300"},"modified":"2015-08-25T16:06:10","modified_gmt":"2015-08-25T16:06:10","slug":"los-riesgos-de-un-eje-insolidario-y-ventajista","status":"publish","type":"post","link":"https:\/\/granadablogs.com\/yanohaytemordedios\/2015\/08\/los-riesgos-de-un-eje-insolidario-y-ventajista\/","title":{"rendered":"Los riesgos de un eje insolidario y ventajista"},"content":{"rendered":"<p align=\"LEFT\"><span style=\"font-size: large\">Esta semana el alcalde de Sevilla lo hemos visto pasear por la Feria de M\u00e1laga de la mano de su colega. Los dos hablaron del eje estrat\u00e9gico Sevilla-M\u00e1laga que promueven para acaparar inversiones en sectores como el turismo o las tecnolog\u00edas, y crear un frente pol\u00edtico-econ\u00f3mico competitivo ante Europa, Espa\u00f1a y, desde luego, frente al resto de provincias andaluzas. En la idea llevan trabajando tiempo y reconozco que no es mala iniciativa si no fuese porque resulta insolidaria y ventajista con el resto del territorio andaluz. Sevilla y M\u00e1laga siempre se han cre\u00eddo los listos y los guapos de la clase andaluza, los artistas de la comunidad que manejan los hilos del poder pol\u00edtico y econ\u00f3mico que, por otra parte es verdad, para que lo vamos a negar.<br \/>\n<\/span><span style=\"font-size: large\">\u00a0 \u00a0En el fondo lo \u00fanico que hacen con esta propuesta es dejar que se manifieste p\u00fablicamente un subconsciente en el que ambas ciudades tienen claro que ellas, solo ellas, pueden, saben y quieren y que al resto los zurzan, con la sensaci\u00f3n tambi\u00e9n de que si las cosas les van bien a malague\u00f1os y sevillanos les va bien a los dem\u00e1s andaluces.<br \/>\n<\/span><span style=\"font-size: large\">\u00a0 \u00a0Como digo no me sorprende que Sevilla y M\u00e1laga se organicen para poner tierra de por medio y aprovechar su enorme potencial para progresar, pero lo peor es que tampoco me sorprende que desde Granada nuestros pr\u00f3ceres sigan cogiendo uvas -quiz\u00e1s es lo propio porque estamos en tiempo de vendimia- y no valoren las consecuencias que pueden tener quedarse fuera de la mesa en la que se repartan las viandas. Cierto es que los mandamases de la alianza dijeron tras su \u00faltimo encuentro que invitar\u00e1n a ciudades como Granada y C\u00f3rdoba a participar, aunque dejaron claro que ser\u00e1 despu\u00e9s, cuando todo est\u00e9 maduro y hecho, que es tanto como presumir que ninguna de ellas tendr\u00eda entonces mucho que decir ni pedir. Ser\u00edan m\u00e1s bien decoros medi\u00e1ticos y &#8216;relaxing&#8217; de conciencias pol\u00edticas porque de haber querido que los vecinos estuviesen en el proyecto habr\u00edan contado con ellos desde el minuto uno, y no ha sido el caso. Y eso sin hablar de Ja\u00e9n o Almer\u00eda, o de C\u00e1diz y Huelva.<br \/>\n<\/span><span style=\"font-size: large\">\u00a0 \u00a0Un eje estrat\u00e9gico M\u00e1laga-Sevilla como el que se ha proyectado por ahora puede facilitar una Andaluc\u00eda de dos velocidades que el Gobierno andaluz no deber\u00eda facilitar si el objetivo de la Administraci\u00f3n andaluza es un territorio equilibrado en el que los m\u00e1s fuertes no se distancien de los d\u00e9biles. Cada provincia tiene derecho a usar sus armas para progresar pero la Administraci\u00f3n andaluza est\u00e1 obligada a armonizar intereses y recursos para que unos no dejen descolgados a los dem\u00e1s en el deseable desarrollo social y econ\u00f3mico de la comunidad. Andaluc\u00eda debe ser una en la que todos sumen y todos participen y los ayuntamientos son armas poderosas para ayudar a construir y edificar. Pero sin exclusiones.<\/span><\/p>\n","protected":false},"excerpt":{"rendered":"<p>Esta semana el alcalde de Sevilla lo hemos visto pasear por la Feria de M\u00e1laga de la mano de su colega. Los dos hablaron del eje estrat\u00e9gico Sevilla-M\u00e1laga que promueven para acaparar inversiones en sectores como el turismo o las tecnolog\u00edas, y crear un frente pol\u00edtico-econ\u00f3mico competitivo ante Europa, Espa\u00f1a y, desde luego, frente al [&hellip;]<\/p>\n","protected":false},"author":64,"featured_media":0,"comment_status":"open","ping_status":"open","sticky":false,"template":"","format":"standard","meta":{"footnotes":""},"categories":[11480],"tags":[50864,26],"class_list":["post-300","post","type-post","status-publish","format-standard","hentry","category-sin-categoria","tag-eje-sevilla-malaga","tag-granada"],"_links":{"self":[{"href":"https:\/\/granadablogs.com\/yanohaytemordedios\/wp-json\/wp\/v2\/posts\/300","targetHints":{"allow":["GET"]}}],"collection":[{"href":"https:\/\/granadablogs.com\/yanohaytemordedios\/wp-json\/wp\/v2\/posts"}],"about":[{"href":"https:\/\/granadablogs.com\/yanohaytemordedios\/wp-json\/wp\/v2\/types\/post"}],"author":[{"embeddable":true,"href":"https:\/\/granadablogs.com\/yanohaytemordedios\/wp-json\/wp\/v2\/users\/64"}],"replies":[{"embeddable":true,"href":"https:\/\/granadablogs.com\/yanohaytemordedios\/wp-json\/wp\/v2\/comments?post=300"}],"version-history":[{"count":1,"href":"https:\/\/granadablogs.com\/yanohaytemordedios\/wp-json\/wp\/v2\/posts\/300\/revisions"}],"predecessor-version":[{"id":301,"href":"https:\/\/granadablogs.com\/yanohaytemordedios\/wp-json\/wp\/v2\/posts\/300\/revisions\/301"}],"wp:attachment":[{"href":"https:\/\/granadablogs.com\/yanohaytemordedios\/wp-json\/wp\/v2\/media?parent=300"}],"wp:term":[{"taxonomy":"category","embeddable":true,"href":"https:\/\/granadablogs.com\/yanohaytemordedios\/wp-json\/wp\/v2\/categories?post=300"},{"taxonomy":"post_tag","embeddable":true,"href":"https:\/\/granadablogs.com\/yanohaytemordedios\/wp-json\/wp\/v2\/tags?post=300"}],"curies":[{"name":"wp","href":"https:\/\/api.w.org\/{rel}","templated":true}]}}